{"id":35422,"date":"2025-07-25T17:22:17","date_gmt":"2025-07-25T17:22:17","guid":{"rendered":"https:\/\/cnctulua.tv\/?p=35422"},"modified":"2025-07-25T17:22:17","modified_gmt":"2025-07-25T17:22:17","slug":"santiago-fernandez-el-tulueno-que-suena-con-el-oro-y-un-lugar-en-la-seleccion-colombia-de-boxeo","status":"publish","type":"post","link":"https:\/\/cnctulua.tv\/?p=35422","title":{"rendered":"Santiago Fern\u00e1ndez, el tulue\u00f1o que sue\u00f1a con el oro y un lugar en la Selecci\u00f3n Colombia de boxeo."},"content":{"rendered":"\n<p>Con fuerza en los pu\u00f1os y fe en el coraz\u00f3n, Santiago Fern\u00e1ndez Llanos, boxeador tulue\u00f1o de 66 kilogramos, se abre paso en el exigente mundo del boxeo amateur. Desde hace meses, este joven deportista viene trabajando con disciplina y entrega total, enfocado en un solo objetivo: subirse al podio y dar el golpe de autoridad que lo lleve al nacional y, m\u00e1s adelante, al Mundial.<\/p>\n\n\n\n<p>Su preparaci\u00f3n no ha sido tarea f\u00e1cil. Bajo la orientaci\u00f3n de sus entrenadores Irak Borea y Juan Bautista Vel\u00e1squez, Santiago ha enfrentado duros entrenamientos, jornadas exigentes y la presi\u00f3n de mantenerse en su categor\u00eda de peso. Pero lejos de quejarse, lo asume como parte del proceso de crecimiento en un deporte que, m\u00e1s que t\u00e9cnica, exige car\u00e1cter.<\/p>\n\n\n\n<figure class=\"wp-block-embed is-type-video is-provider-youtube wp-block-embed-youtube wp-embed-aspect-16-9 wp-has-aspect-ratio\"><div class=\"wp-block-embed__wrapper\">\nhttps:\/\/youtu.be\/BmcJi4sqYw8\n<\/div><\/figure>\n\n\n\n<p>\u201cCada atleta entrena a su manera, pero lo m\u00edo es intensidad total. S\u00e9 lo que quiero lograr y eso me obliga a exigirme m\u00e1s cada d\u00eda\u201d, afirma Fern\u00e1ndez, quien ha demostrado ser uno de los peleadores m\u00e1s comprometidos del equipo tulue\u00f1o.<\/p>\n\n\n\n<figure class=\"wp-block-gallery has-nested-images columns-default is-cropped wp-block-gallery-1 is-layout-flex wp-block-gallery-is-layout-flex\">\n<figure class=\"wp-block-image size-large\"><img loading=\"lazy\" decoding=\"async\" width=\"1024\" height=\"576\" data-id=\"35446\" src=\"https:\/\/cnctulua.tv\/wp-content\/uploads\/2025\/07\/BOXEADOR-TULUENO-SANTIAGO-2-1024x576.png\" alt=\"\" class=\"wp-image-35446\" srcset=\"https:\/\/cnctulua.tv\/wp-content\/uploads\/2025\/07\/BOXEADOR-TULUENO-SANTIAGO-2-1024x576.png 1024w, https:\/\/cnctulua.tv\/wp-content\/uploads\/2025\/07\/BOXEADOR-TULUENO-SANTIAGO-2-300x169.png 300w, https:\/\/cnctulua.tv\/wp-content\/uploads\/2025\/07\/BOXEADOR-TULUENO-SANTIAGO-2-768x432.png 768w, https:\/\/cnctulua.tv\/wp-content\/uploads\/2025\/07\/BOXEADOR-TULUENO-SANTIAGO-2-1536x864.png 1536w, https:\/\/cnctulua.tv\/wp-content\/uploads\/2025\/07\/BOXEADOR-TULUENO-SANTIAGO-2.png 1920w\" sizes=\"auto, (max-width: 1024px) 100vw, 1024px\" \/><\/figure>\n<\/figure>\n\n\n\n<p>M\u00e1s all\u00e1 de los t\u00edtulos, su mayor motivaci\u00f3n es su madre, a quien recuerda con emoci\u00f3n en cada combate. \u201cMi meta siempre ha sido ganar el oro, y lo hago por ella. Desde el cielo me acompa\u00f1a y me da fuerzas\u201d, se\u00f1ala el joven pugilista, que no esconde su sue\u00f1o m\u00e1s grande: llegar a la Selecci\u00f3n Colombia, representar al pa\u00eds en el Mundial y consagrarse campe\u00f3n.<\/p>\n\n\n\n<p>Con mentalidad de campe\u00f3n, Santiago entrena cada d\u00eda como si fuera su \u00faltima pelea, sabiendo que cada golpe lanzado en el gimnasio puede acercarlo a esa meta que lo mueve desde el alma.<\/p>\n\n\n\n<p>Tulu\u00e1 ya lo reconoce como uno de sus talentos emergentes en el cuadril\u00e1tero, y todo indica que pronto su nombre sonar\u00e1 con fuerza m\u00e1s all\u00e1 del ring local.<\/p>\n","protected":false},"excerpt":{"rendered":"<p>Con fuerza en los pu\u00f1os y fe en el coraz\u00f3n, Santiago Fern\u00e1ndez Llanos, boxeador tulue\u00f1o de 66 kilogramos, se abre paso en el exigente mundo del boxeo amateur. Desde hace meses, este joven deportista viene trabajando con disciplina y entrega total, enfocado en un solo objetivo: subirse al podio y dar el golpe de autoridad [&hellip;]<\/p>\n","protected":false},"author":3,"featured_media":35444,"comment_status":"open","ping_status":"open","sticky":false,"template":"","format":"video","meta":{"footnotes":""},"categories":[1],"tags":[],"class_list":["post-35422","post","type-post","status-publish","format-video","has-post-thumbnail","hentry","category-uncategorized","post_format-post-format-video"],"_links":{"self":[{"href":"https:\/\/cnctulua.tv\/index.php?rest_route=\/wp\/v2\/posts\/35422","targetHints":{"allow":["GET"]}}],"collection":[{"href":"https:\/\/cnctulua.tv\/index.php?rest_route=\/wp\/v2\/posts"}],"about":[{"href":"https:\/\/cnctulua.tv\/index.php?rest_route=\/wp\/v2\/types\/post"}],"author":[{"embeddable":true,"href":"https:\/\/cnctulua.tv\/index.php?rest_route=\/wp\/v2\/users\/3"}],"replies":[{"embeddable":true,"href":"https:\/\/cnctulua.tv\/index.php?rest_route=%2Fwp%2Fv2%2Fcomments&post=35422"}],"version-history":[{"count":1,"href":"https:\/\/cnctulua.tv\/index.php?rest_route=\/wp\/v2\/posts\/35422\/revisions"}],"predecessor-version":[{"id":35447,"href":"https:\/\/cnctulua.tv\/index.php?rest_route=\/wp\/v2\/posts\/35422\/revisions\/35447"}],"wp:featuredmedia":[{"embeddable":true,"href":"https:\/\/cnctulua.tv\/index.php?rest_route=\/wp\/v2\/media\/35444"}],"wp:attachment":[{"href":"https:\/\/cnctulua.tv\/index.php?rest_route=%2Fwp%2Fv2%2Fmedia&parent=35422"}],"wp:term":[{"taxonomy":"category","embeddable":true,"href":"https:\/\/cnctulua.tv\/index.php?rest_route=%2Fwp%2Fv2%2Fcategories&post=35422"},{"taxonomy":"post_tag","embeddable":true,"href":"https:\/\/cnctulua.tv\/index.php?rest_route=%2Fwp%2Fv2%2Ftags&post=35422"}],"curies":[{"name":"wp","href":"https:\/\/api.w.org\/{rel}","templated":true}]}}