{"id":35423,"date":"2025-07-25T17:19:00","date_gmt":"2025-07-25T17:19:00","guid":{"rendered":"https:\/\/cnctulua.tv\/?p=35423"},"modified":"2025-07-25T17:19:00","modified_gmt":"2025-07-25T17:19:00","slug":"jovenes-conocen-el-alcance-de-los-consejos-de-juventud-en-jornada-pedagogica-previa-a-elecciones","status":"publish","type":"post","link":"https:\/\/cnctulua.tv\/?p=35423","title":{"rendered":"J\u00f3venes conocen el alcance de los Consejos de Juventud en jornada pedag\u00f3gica previa a elecciones."},"content":{"rendered":"\n<p>Con el prop\u00f3sito de fortalecer el conocimiento y la participaci\u00f3n juvenil en los procesos democr\u00e1ticos, la Registradur\u00eda Nacional del Estado Civil llev\u00f3 a cabo una jornada pedag\u00f3gica dirigida a estudiantes, personeros y ex personeros de instituciones educativas oficiales y privadas. Esta actividad forma parte del proceso de preparaci\u00f3n para las elecciones de los Consejos Municipales y Locales de Juventud, que se celebrar\u00e1n el pr\u00f3ximo 19 de octubre.<\/p>\n\n\n\n<figure class=\"wp-block-embed is-type-video is-provider-youtube wp-block-embed-youtube wp-embed-aspect-16-9 wp-has-aspect-ratio\"><div class=\"wp-block-embed__wrapper\">\n<iframe loading=\"lazy\" title=\"\u00bfSab\u00edas que Colombia tiene un sistema \u00fanico para elegir Consejos de Juventud? \ud83d\uddf3\ufe0f\" width=\"640\" height=\"360\" src=\"https:\/\/www.youtube.com\/embed\/KaSmsP3eqFo?feature=oembed\" frameborder=\"0\" allow=\"accelerometer; autoplay; clipboard-write; encrypted-media; gyroscope; picture-in-picture; web-share\" referrerpolicy=\"strict-origin-when-cross-origin\" allowfullscreen><\/iframe>\n<\/div><\/figure>\n\n\n\n<p>Durante el encuentro, los asistentes recibieron informaci\u00f3n detallada sobre el proceso electoral, el papel de los Consejos de Juventud y la importancia de estos espacios para incidir en la formulaci\u00f3n de pol\u00edticas p\u00fablicas orientadas a las nuevas generaciones.<\/p>\n\n\n\n<p>El registrador nacional, Hern\u00e1n Penagos, destac\u00f3 la singularidad de este mecanismo democr\u00e1tico a nivel global: \u201cEs el \u00fanico pa\u00eds del planeta que tiene una experiencia como la elecci\u00f3n de Consejos de Juventud. Popular, con una ley que reglamenta esa elecci\u00f3n y una forma de participaci\u00f3n para todos los j\u00f3venes del pa\u00eds. No hay un lugar en todo el planeta donde exista una pr\u00e1ctica como esta\u201d, afirm\u00f3.<\/p>\n\n\n\n<figure class=\"wp-block-image size-large\"><img loading=\"lazy\" decoding=\"async\" width=\"1024\" height=\"681\" src=\"https:\/\/cnctulua.tv\/wp-content\/uploads\/2025\/07\/CONSEJOS-DE-JUVENTUDES-1024x681.jpg\" alt=\"\" class=\"wp-image-35442\" srcset=\"https:\/\/cnctulua.tv\/wp-content\/uploads\/2025\/07\/CONSEJOS-DE-JUVENTUDES-1024x681.jpg 1024w, https:\/\/cnctulua.tv\/wp-content\/uploads\/2025\/07\/CONSEJOS-DE-JUVENTUDES-300x199.jpg 300w, https:\/\/cnctulua.tv\/wp-content\/uploads\/2025\/07\/CONSEJOS-DE-JUVENTUDES-768x511.jpg 768w, https:\/\/cnctulua.tv\/wp-content\/uploads\/2025\/07\/CONSEJOS-DE-JUVENTUDES.jpg 1280w\" sizes=\"auto, (max-width: 1024px) 100vw, 1024px\" \/><\/figure>\n\n\n\n<p>Asimismo, hizo un llamado a la inscripci\u00f3n activa y a la movilizaci\u00f3n juvenil en torno a esta jornada electoral: \u201cLa primera tarea es que se animen a inscribirse como lo hizo Juan David, que participen del proceso el 19. Es una oportunidad para formular pol\u00edticas p\u00fablicas, presentar proyectos y decidir el rumbo del futuro de los j\u00f3venes en Colombia\u201d, se\u00f1al\u00f3 Penagos.<\/p>\n\n\n\n<p>Cerca de 12 millones de j\u00f3venes est\u00e1n habilitados para participar en estas elecciones. La Registradur\u00eda espera una respuesta masiva que reafirme el compromiso de las nuevas generaciones con la democracia y la construcci\u00f3n de pa\u00eds desde el liderazgo juvenil.<\/p>\n","protected":false},"excerpt":{"rendered":"<p>Con el prop\u00f3sito de fortalecer el conocimiento y la participaci\u00f3n juvenil en los procesos democr\u00e1ticos, la Registradur\u00eda Nacional del Estado Civil llev\u00f3 a cabo una jornada pedag\u00f3gica dirigida a estudiantes, personeros y ex personeros de instituciones educativas oficiales y privadas. Esta actividad forma parte del proceso de preparaci\u00f3n para las elecciones de los Consejos Municipales [&hellip;]<\/p>\n","protected":false},"author":3,"featured_media":35441,"comment_status":"open","ping_status":"open","sticky":false,"template":"","format":"video","meta":{"footnotes":""},"categories":[10,1515],"tags":[],"class_list":["post-35423","post","type-post","status-publish","format-video","has-post-thumbnail","hentry","category-cnc-noticias-tulua","category-cnc-tulua","post_format-post-format-video"],"_links":{"self":[{"href":"https:\/\/cnctulua.tv\/index.php?rest_route=\/wp\/v2\/posts\/35423","targetHints":{"allow":["GET"]}}],"collection":[{"href":"https:\/\/cnctulua.tv\/index.php?rest_route=\/wp\/v2\/posts"}],"about":[{"href":"https:\/\/cnctulua.tv\/index.php?rest_route=\/wp\/v2\/types\/post"}],"author":[{"embeddable":true,"href":"https:\/\/cnctulua.tv\/index.php?rest_route=\/wp\/v2\/users\/3"}],"replies":[{"embeddable":true,"href":"https:\/\/cnctulua.tv\/index.php?rest_route=%2Fwp%2Fv2%2Fcomments&post=35423"}],"version-history":[{"count":1,"href":"https:\/\/cnctulua.tv\/index.php?rest_route=\/wp\/v2\/posts\/35423\/revisions"}],"predecessor-version":[{"id":35443,"href":"https:\/\/cnctulua.tv\/index.php?rest_route=\/wp\/v2\/posts\/35423\/revisions\/35443"}],"wp:featuredmedia":[{"embeddable":true,"href":"https:\/\/cnctulua.tv\/index.php?rest_route=\/wp\/v2\/media\/35441"}],"wp:attachment":[{"href":"https:\/\/cnctulua.tv\/index.php?rest_route=%2Fwp%2Fv2%2Fmedia&parent=35423"}],"wp:term":[{"taxonomy":"category","embeddable":true,"href":"https:\/\/cnctulua.tv\/index.php?rest_route=%2Fwp%2Fv2%2Fcategories&post=35423"},{"taxonomy":"post_tag","embeddable":true,"href":"https:\/\/cnctulua.tv\/index.php?rest_route=%2Fwp%2Fv2%2Ftags&post=35423"}],"curies":[{"name":"wp","href":"https:\/\/api.w.org\/{rel}","templated":true}]}}