{"id":35424,"date":"2025-07-25T17:32:28","date_gmt":"2025-07-25T17:32:28","guid":{"rendered":"https:\/\/cnctulua.tv\/?p=35424"},"modified":"2025-07-25T17:32:28","modified_gmt":"2025-07-25T17:32:28","slug":"culturalt-una-vitrina-digital-para-el-arte-y-la-cultura-hecha-desde-tulua","status":"publish","type":"post","link":"https:\/\/cnctulua.tv\/?p=35424","title":{"rendered":"\u201cCulturalt\u201d: una vitrina digital para el arte y la cultura hecha desde Tulu\u00e1."},"content":{"rendered":"\n<p>Con el objetivo de visibilizar y fortalecer los procesos art\u00edsticos que se gestan en Tulu\u00e1, naci\u00f3 Culturalt, una plataforma digital y transmedia pensada para darles mayor proyecci\u00f3n a gestores culturales, artistas y proyectos independientes tanto en la ciudad como en el Valle del Cauca.<\/p>\n\n\n\n<figure class=\"wp-block-embed is-type-video is-provider-youtube wp-block-embed-youtube wp-embed-aspect-16-9 wp-has-aspect-ratio\"><div class=\"wp-block-embed__wrapper\">\n<iframe loading=\"lazy\" title=\"\ud83c\udfac \u00bfQu\u00e9 es Culturalt? Una herramienta para visibilizar el arte local desde Tulu\u00e1.\" width=\"640\" height=\"360\" src=\"https:\/\/www.youtube.com\/embed\/Y1KJTY-ZupY?feature=oembed\" frameborder=\"0\" allow=\"accelerometer; autoplay; clipboard-write; encrypted-media; gyroscope; picture-in-picture; web-share\" referrerpolicy=\"strict-origin-when-cross-origin\" allowfullscreen><\/iframe>\n<\/div><\/figure>\n\n\n\n<p>La iniciativa surge como respuesta a una necesidad concreta: la baja visibilidad del sector cultural en medios tradicionales y redes sociales, donde la informaci\u00f3n es ef\u00edmera y r\u00e1pidamente desplazada. En contraste, Culturalt ofrece un espacio de consulta m\u00e1s estable y organizado, en el que los usuarios pueden acceder a contenidos actualizados, clasificados y dise\u00f1ados espec\u00edficamente para el ecosistema cultural.<\/p>\n\n\n\n<p>El sitio web, disponible en www.culturalt.org, est\u00e1 compuesto por cuatro secciones principales:<\/p>\n\n\n\n<p>LEE, donde se publican rese\u00f1as y art\u00edculos sobre artistas locales.<\/p>\n\n\n\n<p>MIRA, que destaca videos, cortometrajes y piezas visuales de creadores de la regi\u00f3n.<\/p>\n\n\n\n<p>ESCUCHA, dedicada a lanzamientos musicales y p\u00f3dcast.<\/p>\n\n\n\n<p>CULTUREMAP, una herramienta interactiva donde los usuarios pueden consultar y registrar eventos culturales pr\u00f3ximos en la ciudad y sus alrededores.<\/p>\n\n\n\n<p>Uno de los aspectos destacados de esta plataforma es que su acceso es completamente gratuito, tanto para quienes desean consultar contenidos como para quienes quieren publicar eventos o dar a conocer sus proyectos.<\/p>\n\n\n\n<p>La interfaz de Culturalt apuesta por un dise\u00f1o nost\u00e1lgico, inspirado en la est\u00e9tica de los a\u00f1os noventa e inicios del 2000, cuando los portales web dominaban el panorama digital. Esta propuesta busca diferenciarse visualmente de las redes sociales y, al mismo tiempo, ofrecer una experiencia atractiva y funcional en todos los dispositivos.<\/p>\n\n\n\n<p>Adem\u00e1s de la plataforma web, Culturalt tiene presencia activa en redes sociales como Instagram, TikTok y Facebook bajo el usuario @cultural.tv, y ya proyecta el desarrollo de contenidos televisivos, p\u00f3dcast y una futura aplicaci\u00f3n m\u00f3vil.<\/p>\n\n\n\n<p>Desde su enfoque transmedia, Culturalt se perfila como un canal de difusi\u00f3n alternativo e incluyente, en el que tanto artistas consolidados como nuevos talentos pueden conectar con p\u00fablicos diversos, compartir sus obras y promover la circulaci\u00f3n de la cultura local y regional.<\/p>\n\n\n\n<p>El llamado final es claro: a gestores, artistas y p\u00fablico en general se les invita a explorar y aprovechar este espacio digital. En un entorno donde las narrativas culturales necesitan escenarios estables para crecer, Culturalt se propone como un aliado para visibilizar lo que se crea, se vive y se transforma desde el arte.<\/p>\n","protected":false},"excerpt":{"rendered":"<p>Con el objetivo de visibilizar y fortalecer los procesos art\u00edsticos que se gestan en Tulu\u00e1, naci\u00f3 Culturalt, una plataforma digital y transmedia pensada para darles mayor proyecci\u00f3n a gestores culturales, artistas y proyectos independientes tanto en la ciudad como en el Valle del Cauca. La iniciativa surge como respuesta a una necesidad concreta: la baja [&hellip;]<\/p>\n","protected":false},"author":3,"featured_media":35449,"comment_status":"open","ping_status":"open","sticky":false,"template":"","format":"video","meta":{"footnotes":""},"categories":[10,1515],"tags":[],"class_list":["post-35424","post","type-post","status-publish","format-video","has-post-thumbnail","hentry","category-cnc-noticias-tulua","category-cnc-tulua","post_format-post-format-video"],"_links":{"self":[{"href":"https:\/\/cnctulua.tv\/index.php?rest_route=\/wp\/v2\/posts\/35424","targetHints":{"allow":["GET"]}}],"collection":[{"href":"https:\/\/cnctulua.tv\/index.php?rest_route=\/wp\/v2\/posts"}],"about":[{"href":"https:\/\/cnctulua.tv\/index.php?rest_route=\/wp\/v2\/types\/post"}],"author":[{"embeddable":true,"href":"https:\/\/cnctulua.tv\/index.php?rest_route=\/wp\/v2\/users\/3"}],"replies":[{"embeddable":true,"href":"https:\/\/cnctulua.tv\/index.php?rest_route=%2Fwp%2Fv2%2Fcomments&post=35424"}],"version-history":[{"count":1,"href":"https:\/\/cnctulua.tv\/index.php?rest_route=\/wp\/v2\/posts\/35424\/revisions"}],"predecessor-version":[{"id":35450,"href":"https:\/\/cnctulua.tv\/index.php?rest_route=\/wp\/v2\/posts\/35424\/revisions\/35450"}],"wp:featuredmedia":[{"embeddable":true,"href":"https:\/\/cnctulua.tv\/index.php?rest_route=\/wp\/v2\/media\/35449"}],"wp:attachment":[{"href":"https:\/\/cnctulua.tv\/index.php?rest_route=%2Fwp%2Fv2%2Fmedia&parent=35424"}],"wp:term":[{"taxonomy":"category","embeddable":true,"href":"https:\/\/cnctulua.tv\/index.php?rest_route=%2Fwp%2Fv2%2Fcategories&post=35424"},{"taxonomy":"post_tag","embeddable":true,"href":"https:\/\/cnctulua.tv\/index.php?rest_route=%2Fwp%2Fv2%2Ftags&post=35424"}],"curies":[{"name":"wp","href":"https:\/\/api.w.org\/{rel}","templated":true}]}}