{"id":35428,"date":"2025-07-25T17:17:32","date_gmt":"2025-07-25T17:17:32","guid":{"rendered":"https:\/\/cnctulua.tv\/?p=35428"},"modified":"2025-07-25T17:17:32","modified_gmt":"2025-07-25T17:17:32","slug":"recuperado-un-menor-de-edad-y-capturados-dos-presuntos-integrantes-de-grupo-armado-con-material-de-guerra","status":"publish","type":"post","link":"https:\/\/cnctulua.tv\/?p=35428","title":{"rendered":"Recuperado un menor de edad y capturados dos presuntos integrantes de grupo armado con material de guerra."},"content":{"rendered":"\n<p>En una operaci\u00f3n conjunta y coordinada, la Armada de Colombia, el Ej\u00e9rcito Nacional, la Fuerza Aeroespacial Colombiana y la Polic\u00eda Nacional lograron la recuperaci\u00f3n de un menor de edad y la captura en flagrancia de dos sujetos que, seg\u00fan labores de inteligencia, pertenecer\u00edan al Grupo Armado Organizado Residual (GAOr) \u201cCoordinadora Guerrillera del Pac\u00edfico\u201d, Bloque Occidental \u201cAlfonso Cano\u201d, estructura que delinque en la regi\u00f3n del litoral Pac\u00edfico sur.<\/p>\n\n\n\n<figure class=\"wp-block-embed is-type-video is-provider-youtube wp-block-embed-youtube wp-embed-aspect-16-9 wp-has-aspect-ratio\"><div class=\"wp-block-embed__wrapper\">\n<iframe loading=\"lazy\" title=\"Tumaco alerta: capturan a dos presuntos integrantes del GAOr y recuperan menor en operativo militar.\" width=\"640\" height=\"360\" src=\"https:\/\/www.youtube.com\/embed\/lewUiXsjd5g?feature=oembed\" frameborder=\"0\" allow=\"accelerometer; autoplay; clipboard-write; encrypted-media; gyroscope; picture-in-picture; web-share\" referrerpolicy=\"strict-origin-when-cross-origin\" allowfullscreen><\/iframe>\n<\/div><\/figure>\n\n\n\n<p>El procedimiento judicial se desarroll\u00f3 en la vereda Chajal, zona rural del municipio de Tumaco, departamento de Nari\u00f1o, donde tropas del Gaula Militar Tumaco, en articulaci\u00f3n con unidades del Batall\u00f3n Fluvial de Infanter\u00eda de Marina No. 40, dieron cumplimiento a una orden de allanamiento emitida por autoridad competente. En el inmueble intervenido fue recuperado un menor de edad y capturados dos individuos en posesi\u00f3n de un arsenal que inclu\u00eda cinco armas de fuego, cinco proveedores y m\u00e1s de 900 cartuchos de diversos calibres.<\/p>\n\n\n\n<p>De acuerdo con informaci\u00f3n de inteligencia militar, los capturados ser\u00edan presuntos articuladores log\u00edsticos de dicha estructura ilegal, encargados de facilitar el transporte de personal, armamento y pertrechos para el control de corredores estrat\u00e9gicos del narcotr\u00e1fico. Asimismo, estar\u00edan vinculados con actividades delictivas como el sicariato por encargo de cabecillas, extorsiones a comerciantes y control territorial para la distribuci\u00f3n de estupefacientes, afectando gravemente la seguridad y la convivencia ciudadana en la zona.<\/p>\n\n\n\n<p>El menor recuperado fue puesto de inmediato a disposici\u00f3n del Instituto Colombiano de Bienestar Familiar (ICBF) para la activaci\u00f3n del protocolo de restablecimiento de derechos, garantizando su protecci\u00f3n integral conforme a lo dispuesto en la legislaci\u00f3n vigente.<\/p>\n\n\n\n<p>En el marco de la operaci\u00f3n, tambi\u00e9n fueron incautados 17 radios de comunicaci\u00f3n, un tel\u00e9fono satelital, un GPS y material de intendencia, elementos que ser\u00edan utilizados por la organizaci\u00f3n criminal para coordinar sus actividades il\u00edcitas.<\/p>\n\n\n\n<p>Las autoridades recordaron que obstruir o impedir las labores operativas de la Fuerza P\u00fablica constituye una conducta tipificada como delito en el C\u00f3digo Penal Colombiano. Por ello, se exhorta a la ciudadan\u00eda a no brindar colaboraci\u00f3n ni respaldo a organizaciones al margen de la ley, y, por el contrario, a denunciar cualquier actividad sospechosa que ponga en riesgo la seguridad colectiva.<\/p>\n\n\n\n<p>La Armada de Colombia reiter\u00f3 su compromiso institucional con la defensa de la soberan\u00eda, el orden constitucional y la protecci\u00f3n de la poblaci\u00f3n civil, bajo los principios del respeto a los Derechos Humanos y el Derecho Internacional Humanitario.<\/p>\n","protected":false},"excerpt":{"rendered":"<p>En una operaci\u00f3n conjunta y coordinada, la Armada de Colombia, el Ej\u00e9rcito Nacional, la Fuerza Aeroespacial Colombiana y la Polic\u00eda Nacional lograron la recuperaci\u00f3n de un menor de edad y la captura en flagrancia de dos sujetos que, seg\u00fan labores de inteligencia, pertenecer\u00edan al Grupo Armado Organizado Residual (GAOr) \u201cCoordinadora Guerrillera del Pac\u00edfico\u201d, Bloque Occidental [&hellip;]<\/p>\n","protected":false},"author":3,"featured_media":35439,"comment_status":"open","ping_status":"open","sticky":false,"template":"","format":"video","meta":{"footnotes":""},"categories":[10,1515],"tags":[],"class_list":["post-35428","post","type-post","status-publish","format-video","has-post-thumbnail","hentry","category-cnc-noticias-tulua","category-cnc-tulua","post_format-post-format-video"],"_links":{"self":[{"href":"https:\/\/cnctulua.tv\/index.php?rest_route=\/wp\/v2\/posts\/35428","targetHints":{"allow":["GET"]}}],"collection":[{"href":"https:\/\/cnctulua.tv\/index.php?rest_route=\/wp\/v2\/posts"}],"about":[{"href":"https:\/\/cnctulua.tv\/index.php?rest_route=\/wp\/v2\/types\/post"}],"author":[{"embeddable":true,"href":"https:\/\/cnctulua.tv\/index.php?rest_route=\/wp\/v2\/users\/3"}],"replies":[{"embeddable":true,"href":"https:\/\/cnctulua.tv\/index.php?rest_route=%2Fwp%2Fv2%2Fcomments&post=35428"}],"version-history":[{"count":1,"href":"https:\/\/cnctulua.tv\/index.php?rest_route=\/wp\/v2\/posts\/35428\/revisions"}],"predecessor-version":[{"id":35440,"href":"https:\/\/cnctulua.tv\/index.php?rest_route=\/wp\/v2\/posts\/35428\/revisions\/35440"}],"wp:featuredmedia":[{"embeddable":true,"href":"https:\/\/cnctulua.tv\/index.php?rest_route=\/wp\/v2\/media\/35439"}],"wp:attachment":[{"href":"https:\/\/cnctulua.tv\/index.php?rest_route=%2Fwp%2Fv2%2Fmedia&parent=35428"}],"wp:term":[{"taxonomy":"category","embeddable":true,"href":"https:\/\/cnctulua.tv\/index.php?rest_route=%2Fwp%2Fv2%2Fcategories&post=35428"},{"taxonomy":"post_tag","embeddable":true,"href":"https:\/\/cnctulua.tv\/index.php?rest_route=%2Fwp%2Fv2%2Ftags&post=35428"}],"curies":[{"name":"wp","href":"https:\/\/api.w.org\/{rel}","templated":true}]}}