{"id":35435,"date":"2025-07-25T17:39:43","date_gmt":"2025-07-25T17:39:43","guid":{"rendered":"https:\/\/cnctulua.tv\/?p=35435"},"modified":"2025-07-25T17:39:43","modified_gmt":"2025-07-25T17:39:43","slug":"la-parranda-se-reinventa-con-jonathan-cardona-y-su-nueva-fusion-musical","status":"publish","type":"post","link":"https:\/\/cnctulua.tv\/?p=35435","title":{"rendered":"La parranda se reinventa con Jonathan Cardona y su nueva fusi\u00f3n musical."},"content":{"rendered":"\n<p>Jonathan Cardona le apuesta a la parranda durante todo el a\u00f1o con \u201cVoy de carrera\u201d<\/p>\n\n\n\n<p>El cantante risaraldense Jonathan Cardona vuelve a sonar con fuerza en la escena musical, esta vez con su m\u00e1s reciente sencillo \u201cVoy de carrera\u201d, una propuesta que mezcla la tradicional parranda con sonidos urbanos, apost\u00e1ndole a que este g\u00e9nero deje de ser exclusivo de las festividades decembrinas y se escuche durante todo el a\u00f1o.<\/p>\n\n\n\n<figure class=\"wp-block-embed is-type-video is-provider-youtube wp-block-embed-youtube wp-embed-aspect-16-9 wp-has-aspect-ratio\"><div class=\"wp-block-embed__wrapper\">\n<iframe loading=\"lazy\" title=\"\ud83c\udfb6 \u201cVoy de carrera\u201d: Parranda y urbano desde Risaralda para Colombia\" width=\"640\" height=\"360\" src=\"https:\/\/www.youtube.com\/embed\/Y_9teIUxONo?feature=oembed\" frameborder=\"0\" allow=\"accelerometer; autoplay; clipboard-write; encrypted-media; gyroscope; picture-in-picture; web-share\" referrerpolicy=\"strict-origin-when-cross-origin\" allowfullscreen><\/iframe>\n<\/div><\/figure>\n\n\n\n<p>Nacido en Pueblo Rico, Risaralda, Cardona comenz\u00f3 su carrera en la m\u00fasica popular desde temprana edad. Sin embargo, hace tres a\u00f1os decidi\u00f3 incursionar en la m\u00fasica parrandera, g\u00e9nero con el que ya ha lanzado tres sencillos. El m\u00e1s reciente, Voy de carrera, es una fusi\u00f3n divertida e irreverente que narra una historia cotidiana con tono humor\u00edstico, inspirada en una an\u00e9cdota real ocurrida en el Huila.<\/p>\n\n\n\n<p>La canci\u00f3n, que fue grabada en los estudios de Apollo Music en Pereira, cuenta con la colaboraci\u00f3n del reconocido artista John Jairo P\u00e9rez, y se convierte en el primer adelanto de un \u00e1lbum de 14 temas que fusionar\u00e1 g\u00e9neros como merengue, vallenato, bunde y electr\u00f3nica, todos con base parrandera.<\/p>\n\n\n\n<figure class=\"wp-block-gallery has-nested-images columns-default is-cropped wp-block-gallery-1 is-layout-flex wp-block-gallery-is-layout-flex\">\n<figure class=\"wp-block-image size-large\"><img loading=\"lazy\" decoding=\"async\" width=\"1024\" height=\"576\" data-id=\"35461\" src=\"https:\/\/cnctulua.tv\/wp-content\/uploads\/2025\/07\/JONATHAN-CARDONA-CANTANTE-PARRANDERO-2-1024x576.png\" alt=\"\" class=\"wp-image-35461\" srcset=\"https:\/\/cnctulua.tv\/wp-content\/uploads\/2025\/07\/JONATHAN-CARDONA-CANTANTE-PARRANDERO-2-1024x576.png 1024w, https:\/\/cnctulua.tv\/wp-content\/uploads\/2025\/07\/JONATHAN-CARDONA-CANTANTE-PARRANDERO-2-300x169.png 300w, https:\/\/cnctulua.tv\/wp-content\/uploads\/2025\/07\/JONATHAN-CARDONA-CANTANTE-PARRANDERO-2-768x432.png 768w, https:\/\/cnctulua.tv\/wp-content\/uploads\/2025\/07\/JONATHAN-CARDONA-CANTANTE-PARRANDERO-2-1536x864.png 1536w, https:\/\/cnctulua.tv\/wp-content\/uploads\/2025\/07\/JONATHAN-CARDONA-CANTANTE-PARRANDERO-2.png 1920w\" sizes=\"auto, (max-width: 1024px) 100vw, 1024px\" \/><\/figure>\n<\/figure>\n\n\n\n<p>El show de Cardona promete una experiencia completa: 90 minutos de m\u00fasica, cambios de vestuario y puestas en escena adaptadas a cada canci\u00f3n. Adem\u00e1s, busca mantener viva la esencia fiestera de la parranda, pero con un enfoque moderno que conecte con nuevas audiencias.<\/p>\n\n\n\n<p>El \u00e1lbum, que llevar\u00e1 el mismo nombre del sencillo, Voy de carrera, ser\u00e1 lanzado en plataformas digitales y contar\u00e1 con el respaldo de Re Music. La idea central es clara: hacer que la parranda suene todo el a\u00f1o y no solo en diciembre.<\/p>\n\n\n\n<p>Cardona invita al p\u00fablico a seguirlo en sus redes sociales como @JonathanCardonaOficial y asegura que vienen m\u00e1s historias contadas con ritmo, sabor y mucha autenticidad.<\/p>\n","protected":false},"excerpt":{"rendered":"<p>Jonathan Cardona le apuesta a la parranda durante todo el a\u00f1o con \u201cVoy de carrera\u201d El cantante risaraldense Jonathan Cardona vuelve a sonar con fuerza en la escena musical, esta vez con su m\u00e1s reciente sencillo \u201cVoy de carrera\u201d, una propuesta que mezcla la tradicional parranda con sonidos urbanos, apost\u00e1ndole a que este g\u00e9nero deje [&hellip;]<\/p>\n","protected":false},"author":3,"featured_media":35460,"comment_status":"open","ping_status":"open","sticky":false,"template":"","format":"video","meta":{"footnotes":""},"categories":[10,1515],"tags":[],"class_list":["post-35435","post","type-post","status-publish","format-video","has-post-thumbnail","hentry","category-cnc-noticias-tulua","category-cnc-tulua","post_format-post-format-video"],"_links":{"self":[{"href":"https:\/\/cnctulua.tv\/index.php?rest_route=\/wp\/v2\/posts\/35435","targetHints":{"allow":["GET"]}}],"collection":[{"href":"https:\/\/cnctulua.tv\/index.php?rest_route=\/wp\/v2\/posts"}],"about":[{"href":"https:\/\/cnctulua.tv\/index.php?rest_route=\/wp\/v2\/types\/post"}],"author":[{"embeddable":true,"href":"https:\/\/cnctulua.tv\/index.php?rest_route=\/wp\/v2\/users\/3"}],"replies":[{"embeddable":true,"href":"https:\/\/cnctulua.tv\/index.php?rest_route=%2Fwp%2Fv2%2Fcomments&post=35435"}],"version-history":[{"count":1,"href":"https:\/\/cnctulua.tv\/index.php?rest_route=\/wp\/v2\/posts\/35435\/revisions"}],"predecessor-version":[{"id":35462,"href":"https:\/\/cnctulua.tv\/index.php?rest_route=\/wp\/v2\/posts\/35435\/revisions\/35462"}],"wp:featuredmedia":[{"embeddable":true,"href":"https:\/\/cnctulua.tv\/index.php?rest_route=\/wp\/v2\/media\/35460"}],"wp:attachment":[{"href":"https:\/\/cnctulua.tv\/index.php?rest_route=%2Fwp%2Fv2%2Fmedia&parent=35435"}],"wp:term":[{"taxonomy":"category","embeddable":true,"href":"https:\/\/cnctulua.tv\/index.php?rest_route=%2Fwp%2Fv2%2Fcategories&post=35435"},{"taxonomy":"post_tag","embeddable":true,"href":"https:\/\/cnctulua.tv\/index.php?rest_route=%2Fwp%2Fv2%2Ftags&post=35435"}],"curies":[{"name":"wp","href":"https:\/\/api.w.org\/{rel}","templated":true}]}}