{"id":35486,"date":"2025-07-29T01:17:47","date_gmt":"2025-07-29T01:17:47","guid":{"rendered":"https:\/\/cnctulua.tv\/?p=35486"},"modified":"2025-07-29T01:17:47","modified_gmt":"2025-07-29T01:17:47","slug":"capturado-presunto-responsable-de-atentado-en-estacion-de-policia-de-cali","status":"publish","type":"post","link":"https:\/\/cnctulua.tv\/?p=35486","title":{"rendered":"Capturado presunto responsable de atentado en estaci\u00f3n de Polic\u00eda de Cali"},"content":{"rendered":"\n<p>En el marco de operaciones contra el crimen organizado, fue capturado en Bogot\u00e1 Javier Yesid Mora Molina, conocido con el alias de \u2018Javier\u2019, se\u00f1alado como uno de los autores materiales del atentado con motocicleta bomba perpetrado el pasado 10 de junio contra la estaci\u00f3n de Polic\u00eda de Mel\u00e9ndez, en Cali, hecho que dej\u00f3 una persona fallecida y doce m\u00e1s heridas.<\/p>\n\n\n\n<figure class=\"wp-block-image size-large\"><img loading=\"lazy\" decoding=\"async\" width=\"1024\" height=\"653\" src=\"https:\/\/cnctulua.tv\/wp-content\/uploads\/2025\/07\/WhatsApp-Image-2025-07-27-at-11.59.01-AM-1024x653.jpeg\" alt=\"\" class=\"wp-image-35487\" srcset=\"https:\/\/cnctulua.tv\/wp-content\/uploads\/2025\/07\/WhatsApp-Image-2025-07-27-at-11.59.01-AM-1024x653.jpeg 1024w, https:\/\/cnctulua.tv\/wp-content\/uploads\/2025\/07\/WhatsApp-Image-2025-07-27-at-11.59.01-AM-300x191.jpeg 300w, https:\/\/cnctulua.tv\/wp-content\/uploads\/2025\/07\/WhatsApp-Image-2025-07-27-at-11.59.01-AM-768x490.jpeg 768w, https:\/\/cnctulua.tv\/wp-content\/uploads\/2025\/07\/WhatsApp-Image-2025-07-27-at-11.59.01-AM.jpeg 1412w\" sizes=\"auto, (max-width: 1024px) 100vw, 1024px\" \/><\/figure>\n\n\n\n<p>Alias \u2018Javier\u2019 estar\u00eda vinculado al frente residual \u2018Jaime Mart\u00ednez\u2019, estructura armada se\u00f1alada de planear y ejecutar actos de terrorismo urbano en el suroccidente del pa\u00eds. Seg\u00fan la investigaci\u00f3n, tras el atentado en Cali, el capturado se habr\u00eda desplazado por varias ciudades, incluyendo Medell\u00edn y Cartagena, intentando evadir a las autoridades, hasta ser ubicado en la capital del pa\u00eds, donde presuntamente se manten\u00eda a la espera de nuevas instrucciones para perpetrar otros hechos violentos.<\/p>\n\n\n\n<p>La captura se logr\u00f3 en desarrollo de las acciones articuladas del denominado \u2018Bloque de B\u00fasqueda\u2019, estrategia nacional para la desarticulaci\u00f3n de estructuras ilegales vinculadas a delitos de alto impacto. Contra Mora Molina exist\u00eda orden judicial por los delitos de terrorismo, concierto para delinquir, homicidio, tentativa de homicidio y da\u00f1o en bien ajeno.<\/p>\n\n\n\n<p>De manera simult\u00e1nea, tambi\u00e9n fueron detenidos otros presuntos integrantes del mismo grupo armado, identificados con los alias de \u2018El Calvo\u2019, \u2018Gregorio\u2019 y \u2018Eider\u2019, igualmente se\u00f1alados de participar en acciones violentas recientes en el Valle del Cauca.<\/p>\n\n\n\n<p>Los capturados fueron puestos a disposici\u00f3n de la Fiscal\u00eda General de la Naci\u00f3n y, tras las audiencias preliminares, un juez de control de garant\u00edas les impuso medida de aseguramiento intramural mientras avanzan los procesos judiciales.<\/p>\n\n\n\n<p>Las autoridades reiteraron el llamado a la ciudadan\u00eda para suministrar informaci\u00f3n que permita ubicar a integrantes de estructuras ilegales, garantizando reserva total a trav\u00e9s de las l\u00edneas habilitadas.<\/p>\n\n\n\n<figure class=\"wp-block-embed is-type-video is-provider-youtube wp-block-embed-youtube wp-embed-aspect-16-9 wp-has-aspect-ratio\"><div class=\"wp-block-embed__wrapper\">\n<iframe loading=\"lazy\" title=\"Alias \u2018Javier\u2019, presunto autor de atentado en Cali, fue capturado en Bogot\u00e1\" width=\"640\" height=\"360\" src=\"https:\/\/www.youtube.com\/embed\/Qrt2x3TN64E?feature=oembed\" frameborder=\"0\" allow=\"accelerometer; autoplay; clipboard-write; encrypted-media; gyroscope; picture-in-picture; web-share\" referrerpolicy=\"strict-origin-when-cross-origin\" allowfullscreen><\/iframe>\n<\/div><\/figure>\n\n\n\n<figure class=\"wp-block-video\"><\/figure>\n","protected":false},"excerpt":{"rendered":"<p>En el marco de operaciones contra el crimen organizado, fue capturado en Bogot\u00e1 Javier Yesid Mora Molina, conocido con el alias de \u2018Javier\u2019, se\u00f1alado como uno de los autores materiales del atentado con motocicleta bomba perpetrado el pasado 10 de junio contra la estaci\u00f3n de Polic\u00eda de Mel\u00e9ndez, en Cali, hecho que dej\u00f3 una persona [&hellip;]<\/p>\n","protected":false},"author":3,"featured_media":35488,"comment_status":"open","ping_status":"open","sticky":false,"template":"","format":"video","meta":{"footnotes":""},"categories":[10],"tags":[],"class_list":["post-35486","post","type-post","status-publish","format-video","has-post-thumbnail","hentry","category-cnc-noticias-tulua","post_format-post-format-video"],"_links":{"self":[{"href":"https:\/\/cnctulua.tv\/index.php?rest_route=\/wp\/v2\/posts\/35486","targetHints":{"allow":["GET"]}}],"collection":[{"href":"https:\/\/cnctulua.tv\/index.php?rest_route=\/wp\/v2\/posts"}],"about":[{"href":"https:\/\/cnctulua.tv\/index.php?rest_route=\/wp\/v2\/types\/post"}],"author":[{"embeddable":true,"href":"https:\/\/cnctulua.tv\/index.php?rest_route=\/wp\/v2\/users\/3"}],"replies":[{"embeddable":true,"href":"https:\/\/cnctulua.tv\/index.php?rest_route=%2Fwp%2Fv2%2Fcomments&post=35486"}],"version-history":[{"count":1,"href":"https:\/\/cnctulua.tv\/index.php?rest_route=\/wp\/v2\/posts\/35486\/revisions"}],"predecessor-version":[{"id":35489,"href":"https:\/\/cnctulua.tv\/index.php?rest_route=\/wp\/v2\/posts\/35486\/revisions\/35489"}],"wp:featuredmedia":[{"embeddable":true,"href":"https:\/\/cnctulua.tv\/index.php?rest_route=\/wp\/v2\/media\/35488"}],"wp:attachment":[{"href":"https:\/\/cnctulua.tv\/index.php?rest_route=%2Fwp%2Fv2%2Fmedia&parent=35486"}],"wp:term":[{"taxonomy":"category","embeddable":true,"href":"https:\/\/cnctulua.tv\/index.php?rest_route=%2Fwp%2Fv2%2Fcategories&post=35486"},{"taxonomy":"post_tag","embeddable":true,"href":"https:\/\/cnctulua.tv\/index.php?rest_route=%2Fwp%2Fv2%2Ftags&post=35486"}],"curies":[{"name":"wp","href":"https:\/\/api.w.org\/{rel}","templated":true}]}}