{"id":35502,"date":"2025-07-29T01:48:49","date_gmt":"2025-07-29T01:48:49","guid":{"rendered":"https:\/\/cnctulua.tv\/?p=35502"},"modified":"2025-07-29T01:48:49","modified_gmt":"2025-07-29T01:48:49","slug":"buenaventura-se-prepara-para-vivir-el-festival-mundial-ballenas-y-cantaoras","status":"publish","type":"post","link":"https:\/\/cnctulua.tv\/?p=35502","title":{"rendered":": Buenaventura se prepara para vivir el Festival Mundial Ballenas y Cantaoras."},"content":{"rendered":"\n<figure class=\"wp-block-embed is-type-video is-provider-youtube wp-block-embed-youtube wp-embed-aspect-16-9 wp-has-aspect-ratio\"><div class=\"wp-block-embed__wrapper\">\n<iframe loading=\"lazy\" title=\"\ud83d\udc0b Festival de Ballenas y Cantaoras 2025 | Cultura, ciencia y avistamiento en Buenaventura \ud83c\udf0a\ud83c\udfb6\" width=\"640\" height=\"360\" src=\"https:\/\/www.youtube.com\/embed\/jgLOdqhYnpo?feature=oembed\" frameborder=\"0\" allow=\"accelerometer; autoplay; clipboard-write; encrypted-media; gyroscope; picture-in-picture; web-share\" referrerpolicy=\"strict-origin-when-cross-origin\" allowfullscreen><\/iframe>\n<\/div><\/figure>\n\n\n\n<p>Del 19 al 21 de septiembre, Buenaventura ser\u00e1 el epicentro del Festival Mundial Ballenas y Cantaoras, un certamen que combina el espect\u00e1culo natural del avistamiento de ballenas con la riqueza cultural del Pac\u00edfico colombiano, en una experiencia biocultural \u00fanica en el mundo.<\/p>\n\n\n\n<p>La presentaci\u00f3n oficial de la programaci\u00f3n marca el inicio de la cuenta regresiva para este evento, que se consolida como un espacio de encuentro entre ciencia, tradici\u00f3n y comunidad. El festival \u2014nacido en 2017 en Juanchaco\u2014 se realiza en el marco de la temporada de avistamiento de ballenas jorobadas, y busca visibilizar la profunda relaci\u00f3n entre estos cet\u00e1ceos y los cantos tradicionales del litoral Pac\u00edfico, reconocidos por la UNESCO como Patrimonio Cultural Inmaterial de la Humanidad.<\/p>\n\n\n\n<p>Durante la clausura del Primer Encuentro de Biolog\u00eda Marina y Turismo Biocultural del Pac\u00edfico \u2014organizado por INCIVA, la Universidad del Valle, la Fundaci\u00f3n Biosfera Pac\u00edfico y el consejo comunitario de La Plata\u2014 se destac\u00f3 la articulaci\u00f3n entre instituciones acad\u00e9micas, fundaciones y comunidades como un camino hacia la protecci\u00f3n del ecosistema marino, la promoci\u00f3n del conocimiento cient\u00edfico y la dinamizaci\u00f3n econ\u00f3mica de la regi\u00f3n.<\/p>\n\n\n\n<p>\u201cEl festival no solo es una celebraci\u00f3n cultural, tambi\u00e9n genera empleo, impulsa el turismo responsable, fortalece emprendimientos locales y promueve la conservaci\u00f3n del h\u00e1bitat costero\u201d, se\u00f1alaron los organizadores.<\/p>\n\n\n\n<p>Fabi\u00e1n Bueno, director del Festival Mundial Ballenas y Cantaoras, estim\u00f3 que esta edici\u00f3n impactar\u00e1 a m\u00e1s de 5.000 personas en la comunidad de La Plata y zonas vecinas como Ladrilleros, La Barra y Juanchaco. Las jornadas incluir\u00e1n actividades acad\u00e9micas, presentaciones culturales, recorridos de avistamiento y espacios de di\u00e1logo con las comunidades afrodescendientes del Pac\u00edfico.<\/p>\n\n\n\n<p>Por su parte, la cantaora Elena Hinestroza, fundadora del proyecto, celebr\u00f3 la cercan\u00eda del evento: \u201cCuando vamos al mar y las llamamos con nuestros cantos, ellas siempre aparecen. Esa es la magia del Pac\u00edfico\u201d, expres\u00f3.<\/p>\n\n\n\n<figure class=\"wp-block-image size-large\"><img loading=\"lazy\" decoding=\"async\" width=\"1024\" height=\"750\" src=\"https:\/\/cnctulua.tv\/wp-content\/uploads\/2025\/07\/WhatsApp-Image-2025-07-26-at-3.14.36-PM-1-1024x750.jpeg\" alt=\"\" class=\"wp-image-35503\" srcset=\"https:\/\/cnctulua.tv\/wp-content\/uploads\/2025\/07\/WhatsApp-Image-2025-07-26-at-3.14.36-PM-1-1024x750.jpeg 1024w, https:\/\/cnctulua.tv\/wp-content\/uploads\/2025\/07\/WhatsApp-Image-2025-07-26-at-3.14.36-PM-1-300x220.jpeg 300w, https:\/\/cnctulua.tv\/wp-content\/uploads\/2025\/07\/WhatsApp-Image-2025-07-26-at-3.14.36-PM-1-768x562.jpeg 768w, https:\/\/cnctulua.tv\/wp-content\/uploads\/2025\/07\/WhatsApp-Image-2025-07-26-at-3.14.36-PM-1-1536x1124.jpeg 1536w, https:\/\/cnctulua.tv\/wp-content\/uploads\/2025\/07\/WhatsApp-Image-2025-07-26-at-3.14.36-PM-1-2048x1499.jpeg 2048w\" sizes=\"auto, (max-width: 1024px) 100vw, 1024px\" \/><\/figure>\n\n\n\n<p>El consejo comunitario de La Plata, en Bah\u00eda M\u00e1laga, ser\u00e1 el escenario principal de este festival que invita a propios y visitantes a sumergirse en una experiencia sensorial entre la naturaleza, la m\u00fasica y la ancestralidad.<\/p>\n\n\n\n<figure class=\"wp-block-video\"><\/figure>\n","protected":false},"excerpt":{"rendered":"<p>Del 19 al 21 de septiembre, Buenaventura ser\u00e1 el epicentro del Festival Mundial Ballenas y Cantaoras, un certamen que combina el espect\u00e1culo natural del avistamiento de ballenas con la riqueza cultural del Pac\u00edfico colombiano, en una experiencia biocultural \u00fanica en el mundo. La presentaci\u00f3n oficial de la programaci\u00f3n marca el inicio de la cuenta regresiva [&hellip;]<\/p>\n","protected":false},"author":3,"featured_media":35504,"comment_status":"open","ping_status":"open","sticky":false,"template":"","format":"video","meta":{"footnotes":""},"categories":[10],"tags":[],"class_list":["post-35502","post","type-post","status-publish","format-video","has-post-thumbnail","hentry","category-cnc-noticias-tulua","post_format-post-format-video"],"_links":{"self":[{"href":"https:\/\/cnctulua.tv\/index.php?rest_route=\/wp\/v2\/posts\/35502","targetHints":{"allow":["GET"]}}],"collection":[{"href":"https:\/\/cnctulua.tv\/index.php?rest_route=\/wp\/v2\/posts"}],"about":[{"href":"https:\/\/cnctulua.tv\/index.php?rest_route=\/wp\/v2\/types\/post"}],"author":[{"embeddable":true,"href":"https:\/\/cnctulua.tv\/index.php?rest_route=\/wp\/v2\/users\/3"}],"replies":[{"embeddable":true,"href":"https:\/\/cnctulua.tv\/index.php?rest_route=%2Fwp%2Fv2%2Fcomments&post=35502"}],"version-history":[{"count":1,"href":"https:\/\/cnctulua.tv\/index.php?rest_route=\/wp\/v2\/posts\/35502\/revisions"}],"predecessor-version":[{"id":35505,"href":"https:\/\/cnctulua.tv\/index.php?rest_route=\/wp\/v2\/posts\/35502\/revisions\/35505"}],"wp:featuredmedia":[{"embeddable":true,"href":"https:\/\/cnctulua.tv\/index.php?rest_route=\/wp\/v2\/media\/35504"}],"wp:attachment":[{"href":"https:\/\/cnctulua.tv\/index.php?rest_route=%2Fwp%2Fv2%2Fmedia&parent=35502"}],"wp:term":[{"taxonomy":"category","embeddable":true,"href":"https:\/\/cnctulua.tv\/index.php?rest_route=%2Fwp%2Fv2%2Fcategories&post=35502"},{"taxonomy":"post_tag","embeddable":true,"href":"https:\/\/cnctulua.tv\/index.php?rest_route=%2Fwp%2Fv2%2Ftags&post=35502"}],"curies":[{"name":"wp","href":"https:\/\/api.w.org\/{rel}","templated":true}]}}