{"id":35514,"date":"2025-07-29T02:55:28","date_gmt":"2025-07-29T02:55:28","guid":{"rendered":"https:\/\/cnctulua.tv\/?p=35514"},"modified":"2025-07-29T02:55:28","modified_gmt":"2025-07-29T02:55:28","slug":"lideres-comunales-del-valle-fortalecen-sus-capacidades-con-formacion-gratuita","status":"publish","type":"post","link":"https:\/\/cnctulua.tv\/?p=35514","title":{"rendered":"L\u00edderes comunales del Valle fortalecen sus capacidades con formaci\u00f3n gratuita."},"content":{"rendered":"\n<p>Un total de 550 l\u00edderes comunales del Valle del Cauca comenzaron su proceso formativo a trav\u00e9s de dos cursos gratuitos que buscan fortalecer su rol dentro de los organismos de acci\u00f3n comunal y su interacci\u00f3n con las instituciones p\u00fablicas.<\/p>\n\n\n\n<p>Las capacitaciones, que se realizar\u00e1n de forma virtual hasta noviembre de 2025, fueron dise\u00f1adas para brindar herramientas pr\u00e1cticas en dos \u00e1reas fundamentales: m\u00e9todos alternativos para la resoluci\u00f3n de conflictos con enfoque en equidad comunitaria, y contrataci\u00f3n p\u00fablica y alianzas p\u00fablico-comunales.<\/p>\n\n\n\n<p>\u201cYa iniciamos formalmente los cursos, para los cuales se postularon m\u00e1s de 870 personas, entre l\u00edderes comunales y miembros de diferentes organismos de acci\u00f3n comunal. Pasaron 550 que cumplieron con todos los requisitos\u201d, explic\u00f3 Wilson Saa, subdirector de Inspecci\u00f3n, Vigilancia y Control de las Entidades Sin \u00c1nimo de Lucro del Departamento Administrativo de Jur\u00eddica del Valle del Cauca.<\/p>\n\n\n\n<p>En el caso del curso sobre conciliaci\u00f3n, se busca que los participantes adquieran competencias que les permitan atender y resolver conflictos comunitarios desde sus territorios, con la posibilidad de constituir Centros de Conciliaci\u00f3n en Equidad avalados por el Ministerio de Justicia. Por otro lado, el m\u00f3dulo sobre contrataci\u00f3n p\u00fablica est\u00e1 orientado a fortalecer las capacidades t\u00e9cnicas y jur\u00eddicas de los comunales a la hora de formular y ejecutar proyectos con entidades estatales.<\/p>\n\n\n\n<p>La iniciativa busca empoderar a quienes lideran procesos comunitarios en barrios, corregimientos y veredas, aportando a la construcci\u00f3n de tejido social desde el conocimiento, la legalidad y el servicio a la comunidad. Una vez culminado el proceso formativo, se espera que los participantes puedan replicar lo aprendido e incidir de forma m\u00e1s efectiva en la soluci\u00f3n de problem\u00e1ticas locales.<\/p>\n\n\n\n<figure class=\"wp-block-embed is-type-video is-provider-youtube wp-block-embed-youtube wp-embed-aspect-16-9 wp-has-aspect-ratio\"><div class=\"wp-block-embed__wrapper\">\n<iframe loading=\"lazy\" title=\"\ud83d\udcda Formaci\u00f3n gratuita para l\u00edderes comunales del Valle\" width=\"640\" height=\"360\" src=\"https:\/\/www.youtube.com\/embed\/TNj0Rj-6hiE?feature=oembed\" frameborder=\"0\" allow=\"accelerometer; autoplay; clipboard-write; encrypted-media; gyroscope; picture-in-picture; web-share\" referrerpolicy=\"strict-origin-when-cross-origin\" allowfullscreen><\/iframe>\n<\/div><\/figure>\n\n\n\n<figure class=\"wp-block-video\"><\/figure>\n","protected":false},"excerpt":{"rendered":"<p>Un total de 550 l\u00edderes comunales del Valle del Cauca comenzaron su proceso formativo a trav\u00e9s de dos cursos gratuitos que buscan fortalecer su rol dentro de los organismos de acci\u00f3n comunal y su interacci\u00f3n con las instituciones p\u00fablicas. Las capacitaciones, que se realizar\u00e1n de forma virtual hasta noviembre de 2025, fueron dise\u00f1adas para brindar [&hellip;]<\/p>\n","protected":false},"author":3,"featured_media":35515,"comment_status":"open","ping_status":"open","sticky":false,"template":"","format":"video","meta":{"footnotes":""},"categories":[10],"tags":[],"class_list":["post-35514","post","type-post","status-publish","format-video","has-post-thumbnail","hentry","category-cnc-noticias-tulua","post_format-post-format-video"],"_links":{"self":[{"href":"https:\/\/cnctulua.tv\/index.php?rest_route=\/wp\/v2\/posts\/35514","targetHints":{"allow":["GET"]}}],"collection":[{"href":"https:\/\/cnctulua.tv\/index.php?rest_route=\/wp\/v2\/posts"}],"about":[{"href":"https:\/\/cnctulua.tv\/index.php?rest_route=\/wp\/v2\/types\/post"}],"author":[{"embeddable":true,"href":"https:\/\/cnctulua.tv\/index.php?rest_route=\/wp\/v2\/users\/3"}],"replies":[{"embeddable":true,"href":"https:\/\/cnctulua.tv\/index.php?rest_route=%2Fwp%2Fv2%2Fcomments&post=35514"}],"version-history":[{"count":1,"href":"https:\/\/cnctulua.tv\/index.php?rest_route=\/wp\/v2\/posts\/35514\/revisions"}],"predecessor-version":[{"id":35516,"href":"https:\/\/cnctulua.tv\/index.php?rest_route=\/wp\/v2\/posts\/35514\/revisions\/35516"}],"wp:featuredmedia":[{"embeddable":true,"href":"https:\/\/cnctulua.tv\/index.php?rest_route=\/wp\/v2\/media\/35515"}],"wp:attachment":[{"href":"https:\/\/cnctulua.tv\/index.php?rest_route=%2Fwp%2Fv2%2Fmedia&parent=35514"}],"wp:term":[{"taxonomy":"category","embeddable":true,"href":"https:\/\/cnctulua.tv\/index.php?rest_route=%2Fwp%2Fv2%2Fcategories&post=35514"},{"taxonomy":"post_tag","embeddable":true,"href":"https:\/\/cnctulua.tv\/index.php?rest_route=%2Fwp%2Fv2%2Ftags&post=35514"}],"curies":[{"name":"wp","href":"https:\/\/api.w.org\/{rel}","templated":true}]}}