{"id":35517,"date":"2025-07-29T03:00:46","date_gmt":"2025-07-29T03:00:46","guid":{"rendered":"https:\/\/cnctulua.tv\/?p=35517"},"modified":"2025-07-29T03:00:46","modified_gmt":"2025-07-29T03:00:46","slug":"atencion-integral-24-7-para-ninas-y-ninos-cartago-estrena-centro-de-cuidado","status":"publish","type":"post","link":"https:\/\/cnctulua.tv\/?p=35517","title":{"rendered":"Atenci\u00f3n integral 24\/7 para ni\u00f1as y ni\u00f1os: Cartago estrena Centro de Cuidado."},"content":{"rendered":"\n<p>En el municipio de Cartago fue inaugurado un centro que funcionar\u00e1 24 horas al d\u00eda y siete d\u00edas a la semana para brindar atenci\u00f3n integral a ni\u00f1as y ni\u00f1os, especialmente aquellos con discapacidad, hijos de madres y padres que trabajan o estudian en horarios nocturnos. La iniciativa busca ofrecer un espacio seguro y especializado que permita a los cuidadores avanzar en sus procesos educativos y laborales sin descuidar el bienestar de sus hijos.<\/p>\n\n\n\n<p>El programa contempla, adem\u00e1s del cuidado f\u00edsico y emocional de los menores, la capacitaci\u00f3n de sus madres y padres en habilidades que promuevan su autonom\u00eda econ\u00f3mica. Durante el d\u00eda se concentrar\u00e1 en acompa\u00f1ar a familias cuidadoras de ni\u00f1os y ni\u00f1as con discapacidad, mientras que en las noches funcionar\u00e1 el modelo conocido como \u201cArrullo\u201d, que atender\u00e1 a menores entre los 0 y 4 a\u00f1os.<\/p>\n\n\n\n<p>El espacio ha sido destacado como una propuesta innovadora de cuidado comunitario que responde a las necesidades de una poblaci\u00f3n hist\u00f3ricamente invisibilizada: personas que cuidan y que, a su vez, requieren ser cuidadas.<\/p>\n\n\n\n<p>Para muchas de las beneficiarias, la apertura del centro representa una mejora significativa en su calidad de vida. Es el caso de Michel Orozco, madre trabajadora nocturna, quien expres\u00f3: \u201cEste espacio me beneficia mucho en la parte econ\u00f3mica y tambi\u00e9n en el bienestar de mi hija (\u2026) ya no se me va a enfermar tanto y esa plata con la que le pagaba a la se\u00f1ora, puedo invertirla para que mi ni\u00f1a est\u00e9 mucho mejor\u201d.<\/p>\n\n\n\n<p>De igual manera, Claudia Osorio, cuidadora de una ni\u00f1a con s\u00edndrome de Down, resalt\u00f3 el impacto emocional y pr\u00e1ctico del centro: \u201cMuchas hemos tenido que dejar el trabajo y el estudio para dedicarnos a ellos solamente (\u2026) aqu\u00ed estamos haciendo actividades que nos ayudan a ambos. Vale la pena la inversi\u00f3n\u201d.<\/p>\n\n\n\n<p>Este nuevo centro hace parte de un modelo de sistema de cuidado que articula atenci\u00f3n infantil, desarrollo comunitario, salud mental y oportunidades econ\u00f3micas para mujeres, familias cuidadoras y trabajadores informales. La apertura en Cartago marca un precedente en el pa\u00eds para pensar nuevas formas de acompa\u00f1ar y sostener la vida en comunidad.<\/p>\n\n\n\n<figure class=\"wp-block-embed is-type-video is-provider-youtube wp-block-embed-youtube wp-embed-aspect-16-9 wp-has-aspect-ratio\"><div class=\"wp-block-embed__wrapper\">\n<iframe loading=\"lazy\" title=\"As\u00ed funciona el nuevo centro 24\/7 para ni\u00f1os y cuidadores en Cartago \ud83d\udca1\ud83d\udc76\" width=\"640\" height=\"360\" src=\"https:\/\/www.youtube.com\/embed\/ZkVMLxlXkBI?feature=oembed\" frameborder=\"0\" allow=\"accelerometer; autoplay; clipboard-write; encrypted-media; gyroscope; picture-in-picture; web-share\" referrerpolicy=\"strict-origin-when-cross-origin\" allowfullscreen><\/iframe>\n<\/div><\/figure>\n\n\n\n<figure class=\"wp-block-video\"><\/figure>\n","protected":false},"excerpt":{"rendered":"<p>En el municipio de Cartago fue inaugurado un centro que funcionar\u00e1 24 horas al d\u00eda y siete d\u00edas a la semana para brindar atenci\u00f3n integral a ni\u00f1as y ni\u00f1os, especialmente aquellos con discapacidad, hijos de madres y padres que trabajan o estudian en horarios nocturnos. La iniciativa busca ofrecer un espacio seguro y especializado que [&hellip;]<\/p>\n","protected":false},"author":3,"featured_media":35518,"comment_status":"open","ping_status":"open","sticky":false,"template":"","format":"video","meta":{"footnotes":""},"categories":[10],"tags":[],"class_list":["post-35517","post","type-post","status-publish","format-video","has-post-thumbnail","hentry","category-cnc-noticias-tulua","post_format-post-format-video"],"_links":{"self":[{"href":"https:\/\/cnctulua.tv\/index.php?rest_route=\/wp\/v2\/posts\/35517","targetHints":{"allow":["GET"]}}],"collection":[{"href":"https:\/\/cnctulua.tv\/index.php?rest_route=\/wp\/v2\/posts"}],"about":[{"href":"https:\/\/cnctulua.tv\/index.php?rest_route=\/wp\/v2\/types\/post"}],"author":[{"embeddable":true,"href":"https:\/\/cnctulua.tv\/index.php?rest_route=\/wp\/v2\/users\/3"}],"replies":[{"embeddable":true,"href":"https:\/\/cnctulua.tv\/index.php?rest_route=%2Fwp%2Fv2%2Fcomments&post=35517"}],"version-history":[{"count":1,"href":"https:\/\/cnctulua.tv\/index.php?rest_route=\/wp\/v2\/posts\/35517\/revisions"}],"predecessor-version":[{"id":35519,"href":"https:\/\/cnctulua.tv\/index.php?rest_route=\/wp\/v2\/posts\/35517\/revisions\/35519"}],"wp:featuredmedia":[{"embeddable":true,"href":"https:\/\/cnctulua.tv\/index.php?rest_route=\/wp\/v2\/media\/35518"}],"wp:attachment":[{"href":"https:\/\/cnctulua.tv\/index.php?rest_route=%2Fwp%2Fv2%2Fmedia&parent=35517"}],"wp:term":[{"taxonomy":"category","embeddable":true,"href":"https:\/\/cnctulua.tv\/index.php?rest_route=%2Fwp%2Fv2%2Fcategories&post=35517"},{"taxonomy":"post_tag","embeddable":true,"href":"https:\/\/cnctulua.tv\/index.php?rest_route=%2Fwp%2Fv2%2Ftags&post=35517"}],"curies":[{"name":"wp","href":"https:\/\/api.w.org\/{rel}","templated":true}]}}