{"id":35520,"date":"2025-07-29T03:04:13","date_gmt":"2025-07-29T03:04:13","guid":{"rendered":"https:\/\/cnctulua.tv\/?p=35520"},"modified":"2025-07-29T03:04:13","modified_gmt":"2025-07-29T03:04:13","slug":"mas-de-2-300-jovenes-del-valle-se-inscribieron-para-participar-en-los-consejos-municipales-de-juventud","status":"publish","type":"post","link":"https:\/\/cnctulua.tv\/?p=35520","title":{"rendered":"M\u00e1s de 2.300 j\u00f3venes del Valle se inscribieron para participar en los Consejos Municipales de Juventud."},"content":{"rendered":"\n<p>El proceso de elecci\u00f3n de los Consejos Municipales de Juventud avanza en el Valle del Cauca con la inscripci\u00f3n oficial de 2.396 j\u00f3venes en 428 listas, ante la Registradur\u00eda Nacional del Estado Civil. Este mecanismo de participaci\u00f3n ciudadana permitir\u00e1 a j\u00f3venes entre los 14 y 28 a\u00f1os aspirar a un espacio de representaci\u00f3n en sus municipios.<\/p>\n\n\n\n<p>La convocatoria, abierta a todo el departamento, fue acompa\u00f1ada por jornadas de socializaci\u00f3n que promovieron el liderazgo juvenil, la participaci\u00f3n activa y el ejercicio democr\u00e1tico como v\u00eda para incidir en la gesti\u00f3n p\u00fablica local.<\/p>\n\n\n\n<p>La elecci\u00f3n est\u00e1 programada para el pr\u00f3ximo 19 de octubre, fecha en la que los inscritos podr\u00e1n presentar sus propuestas ante sus comunidades y competir por un lugar en los consejos. Estos \u00f3rganos tienen como objetivo representar los intereses de las juventudes, elevar sus propuestas ante las administraciones locales y generar espacios de interlocuci\u00f3n con las instituciones.<\/p>\n\n\n\n<p>Seg\u00fan el subdirector t\u00e9cnico de Juventud del Valle del Cauca, David Corral, el proceso ahora entra en una etapa de formaci\u00f3n y capacitaci\u00f3n, tanto para candidatos como para j\u00f3venes votantes. \u201cLa idea es que no solo participen quienes se inscribieron en las listas, sino tambi\u00e9n aquellos que deseen ejercer su derecho al voto. Todos pueden acceder a talleres de oratoria, estrategia pol\u00edtica y marketing digital\u201d, indic\u00f3.<\/p>\n\n\n\n<p>Adicionalmente, se inform\u00f3 que en septiembre se conformar\u00e1n las curules especiales para j\u00f3venes campesinos, v\u00edctimas del conflicto y pertenecientes a grupos \u00e9tnicos, tal como lo contempla el proceso de inclusi\u00f3n diferencial.<\/p>\n\n\n\n<p>Los j\u00f3venes que participen como votantes tendr\u00e1n acceso a incentivos como descuentos en matr\u00edculas de educaci\u00f3n superior oficial, tr\u00e1mites administrativos, tiempo de servicio militar y beneficios en procesos de ingreso a universidades, empleos p\u00fablicos o subsidios estatales, seg\u00fan lo establece la normativa electoral juvenil.<\/p>\n\n\n\n<figure class=\"wp-block-embed is-type-video is-provider-youtube wp-block-embed-youtube wp-embed-aspect-16-9 wp-has-aspect-ratio\"><div class=\"wp-block-embed__wrapper\">\n<iframe loading=\"lazy\" title=\"\u00bfY los j\u00f3venes qu\u00e9? As\u00ed se preparan para ser parte de las decisiones locales\" width=\"640\" height=\"360\" src=\"https:\/\/www.youtube.com\/embed\/stjOd9LctHY?feature=oembed\" frameborder=\"0\" allow=\"accelerometer; autoplay; clipboard-write; encrypted-media; gyroscope; picture-in-picture; web-share\" referrerpolicy=\"strict-origin-when-cross-origin\" allowfullscreen><\/iframe>\n<\/div><\/figure>\n\n\n\n<p>Este ejercicio democr\u00e1tico se consolida como una oportunidad para que las juventudes del Valle del Cauca hagan valer su voz en la toma de decisiones locales, fortaleciendo su rol como actores pol\u00edticos activos en sus territorios.<\/p>\n\n\n\n<figure class=\"wp-block-video\"><\/figure>\n","protected":false},"excerpt":{"rendered":"<p>El proceso de elecci\u00f3n de los Consejos Municipales de Juventud avanza en el Valle del Cauca con la inscripci\u00f3n oficial de 2.396 j\u00f3venes en 428 listas, ante la Registradur\u00eda Nacional del Estado Civil. Este mecanismo de participaci\u00f3n ciudadana permitir\u00e1 a j\u00f3venes entre los 14 y 28 a\u00f1os aspirar a un espacio de representaci\u00f3n en sus [&hellip;]<\/p>\n","protected":false},"author":3,"featured_media":35521,"comment_status":"open","ping_status":"open","sticky":false,"template":"","format":"video","meta":{"footnotes":""},"categories":[10],"tags":[],"class_list":["post-35520","post","type-post","status-publish","format-video","has-post-thumbnail","hentry","category-cnc-noticias-tulua","post_format-post-format-video"],"_links":{"self":[{"href":"https:\/\/cnctulua.tv\/index.php?rest_route=\/wp\/v2\/posts\/35520","targetHints":{"allow":["GET"]}}],"collection":[{"href":"https:\/\/cnctulua.tv\/index.php?rest_route=\/wp\/v2\/posts"}],"about":[{"href":"https:\/\/cnctulua.tv\/index.php?rest_route=\/wp\/v2\/types\/post"}],"author":[{"embeddable":true,"href":"https:\/\/cnctulua.tv\/index.php?rest_route=\/wp\/v2\/users\/3"}],"replies":[{"embeddable":true,"href":"https:\/\/cnctulua.tv\/index.php?rest_route=%2Fwp%2Fv2%2Fcomments&post=35520"}],"version-history":[{"count":1,"href":"https:\/\/cnctulua.tv\/index.php?rest_route=\/wp\/v2\/posts\/35520\/revisions"}],"predecessor-version":[{"id":35522,"href":"https:\/\/cnctulua.tv\/index.php?rest_route=\/wp\/v2\/posts\/35520\/revisions\/35522"}],"wp:featuredmedia":[{"embeddable":true,"href":"https:\/\/cnctulua.tv\/index.php?rest_route=\/wp\/v2\/media\/35521"}],"wp:attachment":[{"href":"https:\/\/cnctulua.tv\/index.php?rest_route=%2Fwp%2Fv2%2Fmedia&parent=35520"}],"wp:term":[{"taxonomy":"category","embeddable":true,"href":"https:\/\/cnctulua.tv\/index.php?rest_route=%2Fwp%2Fv2%2Fcategories&post=35520"},{"taxonomy":"post_tag","embeddable":true,"href":"https:\/\/cnctulua.tv\/index.php?rest_route=%2Fwp%2Fv2%2Ftags&post=35520"}],"curies":[{"name":"wp","href":"https:\/\/api.w.org\/{rel}","templated":true}]}}