{"id":35527,"date":"2025-07-29T03:19:00","date_gmt":"2025-07-29T03:19:00","guid":{"rendered":"https:\/\/cnctulua.tv\/?p=35527"},"modified":"2025-07-29T03:19:00","modified_gmt":"2025-07-29T03:19:00","slug":"capturado-cabecilla-del-eln-que-planeaba-paro-armado-en-el-choco-tenia-amplio-prontuario-criminal","status":"publish","type":"post","link":"https:\/\/cnctulua.tv\/?p=35527","title":{"rendered":"Capturado cabecilla del ELN que planeaba paro armado en el Choc\u00f3: ten\u00eda amplio prontuario criminal."},"content":{"rendered":"\n<p>En una operaci\u00f3n militar desarrollada en el departamento del Choc\u00f3, fue capturado un presunto cabecilla del Grupo Armado Organizado &#8211; ELN, identificado como alias \u2018Urielito\u2019, se\u00f1alado de planear y coordinar acciones terroristas en esta regi\u00f3n, entre ellas el anunciado paro armado que buscaba intimidar a la poblaci\u00f3n civil.<\/p>\n\n\n\n<figure class=\"wp-block-embed is-type-video is-provider-youtube wp-block-embed-youtube wp-embed-aspect-16-9 wp-has-aspect-ratio\"><div class=\"wp-block-embed__wrapper\">\n<iframe loading=\"lazy\" title=\"\ud83d\udd34 Capturado alias \u2018Urielito\u2019, presunto cabecilla del ELN en el Choc\u00f3 \ud83d\udd0e\" width=\"640\" height=\"360\" src=\"https:\/\/www.youtube.com\/embed\/wfeC4Ld7ImY?feature=oembed\" frameborder=\"0\" allow=\"accelerometer; autoplay; clipboard-write; encrypted-media; gyroscope; picture-in-picture; web-share\" referrerpolicy=\"strict-origin-when-cross-origin\" allowfullscreen><\/iframe>\n<\/div><\/figure>\n\n\n\n<p>La captura se produjo en zona rural del municipio de Bajo Baud\u00f3, donde unidades del Batall\u00f3n Fluvial de Infanter\u00eda de Marina No. 22, adscritas a la Brigada de Infanter\u00eda de Marina No. 2 de la Fuerza Naval del Pac\u00edfico, adelantaban operaciones de control territorial intensificadas por las recientes amenazas del grupo insurgente. El operativo se realiz\u00f3 con apoyo de inteligencia militar y en coordinaci\u00f3n con la Polic\u00eda Nacional.<\/p>\n\n\n\n<p>Alias \u2018Urielito\u2019, quien llevaba m\u00e1s de 10 a\u00f1os en las filas del ELN, era considerado objetivo de alto valor por las autoridades. Seg\u00fan informaci\u00f3n de inteligencia, habr\u00eda participado en m\u00faltiples ataques contra la Fuerza P\u00fablica, extorsiones a comerciantes y control ilegal de rutas fluviales en los r\u00edos Baud\u00f3 y Docampad\u00f3. Adem\u00e1s, ser\u00eda el encargado de coordinar el cobro de \u201cvacunas\u201d en los municipios de Bah\u00eda Solano, Jurad\u00f3 y Nuqu\u00ed, y de sembrar terror entre las comunidades mediante amenazas y panfletos intimidatorios.<\/p>\n\n\n\n<p>La Armada de Colombia intensific\u00f3 su presencia en la regi\u00f3n tras los anuncios del ELN sobre un paro armado, desplegando 12 unidades fluviales, puestos avanzados de combate y m\u00e1s de 340 tripulantes comprometidos con salvaguardar la vida, la libre navegaci\u00f3n y el desarrollo del comercio en la zona.<\/p>\n\n\n\n<figure class=\"wp-block-image size-large\"><img loading=\"lazy\" decoding=\"async\" width=\"1024\" height=\"576\" src=\"https:\/\/cnctulua.tv\/wp-content\/uploads\/2025\/07\/vMix-Capture-28-julio-2025-22-17-21-1024x576.png\" alt=\"\" class=\"wp-image-35528\" srcset=\"https:\/\/cnctulua.tv\/wp-content\/uploads\/2025\/07\/vMix-Capture-28-julio-2025-22-17-21-1024x576.png 1024w, https:\/\/cnctulua.tv\/wp-content\/uploads\/2025\/07\/vMix-Capture-28-julio-2025-22-17-21-300x169.png 300w, https:\/\/cnctulua.tv\/wp-content\/uploads\/2025\/07\/vMix-Capture-28-julio-2025-22-17-21-768x432.png 768w, https:\/\/cnctulua.tv\/wp-content\/uploads\/2025\/07\/vMix-Capture-28-julio-2025-22-17-21-1536x864.png 1536w, https:\/\/cnctulua.tv\/wp-content\/uploads\/2025\/07\/vMix-Capture-28-julio-2025-22-17-21.png 1920w\" sizes=\"auto, (max-width: 1024px) 100vw, 1024px\" \/><\/figure>\n\n\n\n<p>\u201cLa captura de este individuo representa un golpe significativo contra las intenciones del ELN de generar zozobra en el Choc\u00f3. Reafirmamos nuestro compromiso de proteger a la poblaci\u00f3n civil y mantener la seguridad en esta regi\u00f3n\u201d, se\u00f1al\u00f3 el comandante de la Fuerza Naval del Pac\u00edfico.<\/p>\n\n\n\n<p>Alias \u2018Urielito\u2019 fue puesto a disposici\u00f3n de las autoridades judiciales competentes y deber\u00e1 responder por los delitos de concierto para delinquir, extorsi\u00f3n agravada, desplazamiento forzado y terrorismo.<\/p>\n\n\n\n<p>Las autoridades reiteraron el llamado a la comunidad chocoana para no ceder ante la intimidaci\u00f3n y continuar denunciando cualquier actividad sospechosa que ponga en riesgo su seguridad. La presencia militar se mantendr\u00e1 de forma permanente en los municipios afectados, con el objetivo de garantizar el orden p\u00fablico y el respeto por los derechos fundamentales de los habitantes.<\/p>\n\n\n\n<figure class=\"wp-block-video\"><\/figure>\n","protected":false},"excerpt":{"rendered":"<p>En una operaci\u00f3n militar desarrollada en el departamento del Choc\u00f3, fue capturado un presunto cabecilla del Grupo Armado Organizado &#8211; ELN, identificado como alias \u2018Urielito\u2019, se\u00f1alado de planear y coordinar acciones terroristas en esta regi\u00f3n, entre ellas el anunciado paro armado que buscaba intimidar a la poblaci\u00f3n civil. La captura se produjo en zona rural [&hellip;]<\/p>\n","protected":false},"author":3,"featured_media":35529,"comment_status":"open","ping_status":"open","sticky":false,"template":"","format":"video","meta":{"footnotes":""},"categories":[10],"tags":[],"class_list":["post-35527","post","type-post","status-publish","format-video","has-post-thumbnail","hentry","category-cnc-noticias-tulua","post_format-post-format-video"],"_links":{"self":[{"href":"https:\/\/cnctulua.tv\/index.php?rest_route=\/wp\/v2\/posts\/35527","targetHints":{"allow":["GET"]}}],"collection":[{"href":"https:\/\/cnctulua.tv\/index.php?rest_route=\/wp\/v2\/posts"}],"about":[{"href":"https:\/\/cnctulua.tv\/index.php?rest_route=\/wp\/v2\/types\/post"}],"author":[{"embeddable":true,"href":"https:\/\/cnctulua.tv\/index.php?rest_route=\/wp\/v2\/users\/3"}],"replies":[{"embeddable":true,"href":"https:\/\/cnctulua.tv\/index.php?rest_route=%2Fwp%2Fv2%2Fcomments&post=35527"}],"version-history":[{"count":1,"href":"https:\/\/cnctulua.tv\/index.php?rest_route=\/wp\/v2\/posts\/35527\/revisions"}],"predecessor-version":[{"id":35530,"href":"https:\/\/cnctulua.tv\/index.php?rest_route=\/wp\/v2\/posts\/35527\/revisions\/35530"}],"wp:featuredmedia":[{"embeddable":true,"href":"https:\/\/cnctulua.tv\/index.php?rest_route=\/wp\/v2\/media\/35529"}],"wp:attachment":[{"href":"https:\/\/cnctulua.tv\/index.php?rest_route=%2Fwp%2Fv2%2Fmedia&parent=35527"}],"wp:term":[{"taxonomy":"category","embeddable":true,"href":"https:\/\/cnctulua.tv\/index.php?rest_route=%2Fwp%2Fv2%2Fcategories&post=35527"},{"taxonomy":"post_tag","embeddable":true,"href":"https:\/\/cnctulua.tv\/index.php?rest_route=%2Fwp%2Fv2%2Ftags&post=35527"}],"curies":[{"name":"wp","href":"https:\/\/api.w.org\/{rel}","templated":true}]}}