{"id":35531,"date":"2025-07-29T23:39:30","date_gmt":"2025-07-29T23:39:30","guid":{"rendered":"https:\/\/cnctulua.tv\/?p=35531"},"modified":"2025-07-29T23:39:30","modified_gmt":"2025-07-29T23:39:30","slug":"la-delegacion-de-atletismo-de-tulua-sale-pisando-fuerte-rumbo-a-los-juegos-departamentales","status":"publish","type":"post","link":"https:\/\/cnctulua.tv\/?p=35531","title":{"rendered":"La delegaci\u00f3n de atletismo de Tulu\u00e1 sale pisando fuerte rumbo a los Juegos Departamentales."},"content":{"rendered":"\n<p>Con paso firme y el coraz\u00f3n puesto en la pista, la delegaci\u00f3n de atletismo del municipio de Tulu\u00e1 ya se encuentra en la capital vallecaucana para disputar los Juegos Departamentales, evento que re\u00fane a los mejores atletas del departamento en busca del tan anhelado podio.<\/p>\n\n\n\n<figure class=\"wp-block-embed is-type-video is-provider-youtube wp-block-embed-youtube wp-embed-aspect-16-9 wp-has-aspect-ratio\"><div class=\"wp-block-embed__wrapper\">\n<iframe loading=\"lazy\" title=\"\u00a1As\u00ed competir\u00e1 el Atletismo de Tulu\u00e1 en los Juegos Departamentales 2025! \ud83d\udd25\" width=\"640\" height=\"360\" src=\"https:\/\/www.youtube.com\/embed\/UU7_YKdI9hU?feature=oembed\" frameborder=\"0\" allow=\"accelerometer; autoplay; clipboard-write; encrypted-media; gyroscope; picture-in-picture; web-share\" referrerpolicy=\"strict-origin-when-cross-origin\" allowfullscreen><\/iframe>\n<\/div><\/figure>\n\n\n\n<p>La representaci\u00f3n tulue\u00f1a est\u00e1 conformada por j\u00f3venes talentos que han demostrado constancia, disciplina y compromiso durante sus procesos de preparaci\u00f3n, a pesar de las limitaciones en recursos e implementaci\u00f3n deportiva. Su objetivo es claro: competir con altura y traer medallas que enaltezcan el nombre de Tulu\u00e1.<\/p>\n\n\n\n<p>Entre los atletas destacados se encuentra Karen Dahiana S\u00e1nchez, categor\u00eda sub-20, quien competir\u00e1 en tres pruebas, incluidas los 3800 metros y relevos. \u201cEstoy entrenando s\u00faper fuerte, tengo muchas expectativas. Quiero disfrutarme cada prueba porque son mis \u00faltimos departamentales\u201d, expres\u00f3.<\/p>\n\n\n\n<figure class=\"wp-block-image size-large\"><img loading=\"lazy\" decoding=\"async\" width=\"1024\" height=\"576\" src=\"https:\/\/cnctulua.tv\/wp-content\/uploads\/2025\/07\/vMix-Capture-29-julio-2025-18-32-45-1-1024x576.png\" alt=\"\" class=\"wp-image-35533\" srcset=\"https:\/\/cnctulua.tv\/wp-content\/uploads\/2025\/07\/vMix-Capture-29-julio-2025-18-32-45-1-1024x576.png 1024w, https:\/\/cnctulua.tv\/wp-content\/uploads\/2025\/07\/vMix-Capture-29-julio-2025-18-32-45-1-300x169.png 300w, https:\/\/cnctulua.tv\/wp-content\/uploads\/2025\/07\/vMix-Capture-29-julio-2025-18-32-45-1-768x432.png 768w, https:\/\/cnctulua.tv\/wp-content\/uploads\/2025\/07\/vMix-Capture-29-julio-2025-18-32-45-1-1536x864.png 1536w, https:\/\/cnctulua.tv\/wp-content\/uploads\/2025\/07\/vMix-Capture-29-julio-2025-18-32-45-1.png 1920w\" sizes=\"auto, (max-width: 1024px) 100vw, 1024px\" \/><\/figure>\n\n\n\n<p>Tom\u00e1s Hincapi\u00e9 Guti\u00e9rrez, por su parte, se despide de estas justas corriendo los 400 y 800 metros planos. \u201cMe siento con confianza. Gracias al trabajo del profesor, llego con m\u00e1s fuerza para buscar el oro\u201d, afirm\u00f3 el corredor.<\/p>\n\n\n\n<p>En pruebas de fondo, Juan David Asprilla Llotagry competir\u00e1 en los 3000 metros con obst\u00e1culos y 800 metros. \u201cLa preparaci\u00f3n ha sido exigente. Vamos con la confianza de hacer un buen papel, pese a las dificultades\u201d, dijo, haciendo un llamado al respaldo institucional hacia el deporte.<\/p>\n\n\n\n<figure class=\"wp-block-image size-large\"><img loading=\"lazy\" decoding=\"async\" width=\"1024\" height=\"576\" src=\"https:\/\/cnctulua.tv\/wp-content\/uploads\/2025\/07\/vMix-Capture-29-julio-2025-18-33-29-1024x576.png\" alt=\"\" class=\"wp-image-35534\" srcset=\"https:\/\/cnctulua.tv\/wp-content\/uploads\/2025\/07\/vMix-Capture-29-julio-2025-18-33-29-1024x576.png 1024w, https:\/\/cnctulua.tv\/wp-content\/uploads\/2025\/07\/vMix-Capture-29-julio-2025-18-33-29-300x169.png 300w, https:\/\/cnctulua.tv\/wp-content\/uploads\/2025\/07\/vMix-Capture-29-julio-2025-18-33-29-768x432.png 768w, https:\/\/cnctulua.tv\/wp-content\/uploads\/2025\/07\/vMix-Capture-29-julio-2025-18-33-29-1536x864.png 1536w, https:\/\/cnctulua.tv\/wp-content\/uploads\/2025\/07\/vMix-Capture-29-julio-2025-18-33-29.png 1920w\" sizes=\"auto, (max-width: 1024px) 100vw, 1024px\" \/><\/figure>\n\n\n\n<p>El velocista Bryan Stiven Rosales Perlaza, que estar\u00e1 en los 100 y 200 metros planos, se\u00f1al\u00f3: \u201cNos sentimos fuertes y con la fe puesta en ganar oro. Ser\u00eda un logro para el profesor, mi familia y el municipio\u201d.<\/p>\n\n\n\n<p>Desde el salto largo, Juan David Bola\u00f1os Caicedo reconoci\u00f3 las carencias en implementaci\u00f3n, pero no pierde la fe. \u201cAunque no tenemos colchonetas, vamos con todo. Espero una medalla con la ayuda de Dios\u201d, coment\u00f3.<\/p>\n\n\n\n<figure class=\"wp-block-image size-large\"><img loading=\"lazy\" decoding=\"async\" width=\"1024\" height=\"576\" src=\"https:\/\/cnctulua.tv\/wp-content\/uploads\/2025\/07\/vMix-Capture-29-julio-2025-18-33-11-1024x576.png\" alt=\"\" class=\"wp-image-35535\" srcset=\"https:\/\/cnctulua.tv\/wp-content\/uploads\/2025\/07\/vMix-Capture-29-julio-2025-18-33-11-1024x576.png 1024w, https:\/\/cnctulua.tv\/wp-content\/uploads\/2025\/07\/vMix-Capture-29-julio-2025-18-33-11-300x169.png 300w, https:\/\/cnctulua.tv\/wp-content\/uploads\/2025\/07\/vMix-Capture-29-julio-2025-18-33-11-768x432.png 768w, https:\/\/cnctulua.tv\/wp-content\/uploads\/2025\/07\/vMix-Capture-29-julio-2025-18-33-11-1536x864.png 1536w, https:\/\/cnctulua.tv\/wp-content\/uploads\/2025\/07\/vMix-Capture-29-julio-2025-18-33-11.png 1920w\" sizes=\"auto, (max-width: 1024px) 100vw, 1024px\" \/><\/figure>\n\n\n\n<p>En pruebas m\u00faltiples, Yary Arboleda Lugo asumir\u00e1 uno de los retos m\u00e1s exigentes. Competir\u00e1 en modalidades como jabalina, bala, 200 y 800 metros. \u201cMi esperanza est\u00e1 puesta en el 800, donde quiero destacar. Me emociona representar a Tulu\u00e1\u201d, dijo.<\/p>\n\n\n\n<p>En la velocidad pura, Sara Perea Arango correr\u00e1 los 100 metros. \u201cHa sido una preparaci\u00f3n intensa. Quiero bajar mi marca y traer medalla. Es una meta personal y un compromiso con Tulu\u00e1\u201d, expres\u00f3.<\/p>\n\n\n\n<figure class=\"wp-block-image size-large\"><img loading=\"lazy\" decoding=\"async\" width=\"1024\" height=\"576\" src=\"https:\/\/cnctulua.tv\/wp-content\/uploads\/2025\/07\/vMix-Capture-29-julio-2025-18-33-49-1024x576.png\" alt=\"\" class=\"wp-image-35536\" srcset=\"https:\/\/cnctulua.tv\/wp-content\/uploads\/2025\/07\/vMix-Capture-29-julio-2025-18-33-49-1024x576.png 1024w, https:\/\/cnctulua.tv\/wp-content\/uploads\/2025\/07\/vMix-Capture-29-julio-2025-18-33-49-300x169.png 300w, https:\/\/cnctulua.tv\/wp-content\/uploads\/2025\/07\/vMix-Capture-29-julio-2025-18-33-49-768x432.png 768w, https:\/\/cnctulua.tv\/wp-content\/uploads\/2025\/07\/vMix-Capture-29-julio-2025-18-33-49-1536x864.png 1536w, https:\/\/cnctulua.tv\/wp-content\/uploads\/2025\/07\/vMix-Capture-29-julio-2025-18-33-49.png 1920w\" sizes=\"auto, (max-width: 1024px) 100vw, 1024px\" \/><\/figure>\n\n\n\n<p>Los juegos tambi\u00e9n marcan el debut para j\u00f3venes promesas como Laura Sof\u00eda Lozano Clavijo, de solo 14 a\u00f1os, quien participar\u00e1 en pentatl\u00f3n. \u201cEs muy exigente, pero voy a dar lo mejor. Me emociona representar al municipio por primera vez\u201d, cont\u00f3.<\/p>\n\n\n\n<p>Asimismo, Jhon Stiwar Mena Gamboa asumir\u00e1 tres pruebas: 100, 200 metros planos y relevo 4&#215;100. \u201cEstoy preparado gracias al profe. Me tengo fe en los 200. Es una emoci\u00f3n representar a Tulu\u00e1\u201d, asegur\u00f3.<\/p>\n\n\n\n<p>Finalmente, Jhon Esteban Murillo Mosquera, competir\u00e1 en 400 metros planos, 110 y 400 metros vallas. \u201cMe siento satisfecho con la preparaci\u00f3n. Aunque he enfrentado barreras, he mejorado y quiero dejar el nombre del municipio en alto\u201d, se\u00f1al\u00f3.<\/p>\n\n\n\n<figure class=\"wp-block-image size-large\"><img loading=\"lazy\" decoding=\"async\" width=\"1024\" height=\"576\" src=\"https:\/\/cnctulua.tv\/wp-content\/uploads\/2025\/07\/vMix-Capture-29-julio-2025-18-32-59-1024x576.png\" alt=\"\" class=\"wp-image-35537\" srcset=\"https:\/\/cnctulua.tv\/wp-content\/uploads\/2025\/07\/vMix-Capture-29-julio-2025-18-32-59-1024x576.png 1024w, https:\/\/cnctulua.tv\/wp-content\/uploads\/2025\/07\/vMix-Capture-29-julio-2025-18-32-59-300x169.png 300w, https:\/\/cnctulua.tv\/wp-content\/uploads\/2025\/07\/vMix-Capture-29-julio-2025-18-32-59-768x432.png 768w, https:\/\/cnctulua.tv\/wp-content\/uploads\/2025\/07\/vMix-Capture-29-julio-2025-18-32-59-1536x864.png 1536w, https:\/\/cnctulua.tv\/wp-content\/uploads\/2025\/07\/vMix-Capture-29-julio-2025-18-32-59.png 1920w\" sizes=\"auto, (max-width: 1024px) 100vw, 1024px\" \/><\/figure>\n\n\n\n<p>La delegaci\u00f3n parte no solo con el objetivo de competir, sino con el deseo de demostrar que el deporte en Tulu\u00e1 tiene potencial, garra y coraz\u00f3n. Cada atleta lleva consigo una historia de esfuerzo y un compromiso con su tierra, lo que convierte su participaci\u00f3n en un verdadero orgullo para el municipio.<\/p>\n\n\n\n<figure class=\"wp-block-video\"><\/figure>\n","protected":false},"excerpt":{"rendered":"<p>Con paso firme y el coraz\u00f3n puesto en la pista, la delegaci\u00f3n de atletismo del municipio de Tulu\u00e1 ya se encuentra en la capital vallecaucana para disputar los Juegos Departamentales, evento que re\u00fane a los mejores atletas del departamento en busca del tan anhelado podio. La representaci\u00f3n tulue\u00f1a est\u00e1 conformada por j\u00f3venes talentos que han [&hellip;]<\/p>\n","protected":false},"author":3,"featured_media":35538,"comment_status":"open","ping_status":"open","sticky":false,"template":"","format":"video","meta":{"footnotes":""},"categories":[10],"tags":[],"class_list":["post-35531","post","type-post","status-publish","format-video","has-post-thumbnail","hentry","category-cnc-noticias-tulua","post_format-post-format-video"],"_links":{"self":[{"href":"https:\/\/cnctulua.tv\/index.php?rest_route=\/wp\/v2\/posts\/35531","targetHints":{"allow":["GET"]}}],"collection":[{"href":"https:\/\/cnctulua.tv\/index.php?rest_route=\/wp\/v2\/posts"}],"about":[{"href":"https:\/\/cnctulua.tv\/index.php?rest_route=\/wp\/v2\/types\/post"}],"author":[{"embeddable":true,"href":"https:\/\/cnctulua.tv\/index.php?rest_route=\/wp\/v2\/users\/3"}],"replies":[{"embeddable":true,"href":"https:\/\/cnctulua.tv\/index.php?rest_route=%2Fwp%2Fv2%2Fcomments&post=35531"}],"version-history":[{"count":1,"href":"https:\/\/cnctulua.tv\/index.php?rest_route=\/wp\/v2\/posts\/35531\/revisions"}],"predecessor-version":[{"id":35539,"href":"https:\/\/cnctulua.tv\/index.php?rest_route=\/wp\/v2\/posts\/35531\/revisions\/35539"}],"wp:featuredmedia":[{"embeddable":true,"href":"https:\/\/cnctulua.tv\/index.php?rest_route=\/wp\/v2\/media\/35538"}],"wp:attachment":[{"href":"https:\/\/cnctulua.tv\/index.php?rest_route=%2Fwp%2Fv2%2Fmedia&parent=35531"}],"wp:term":[{"taxonomy":"category","embeddable":true,"href":"https:\/\/cnctulua.tv\/index.php?rest_route=%2Fwp%2Fv2%2Fcategories&post=35531"},{"taxonomy":"post_tag","embeddable":true,"href":"https:\/\/cnctulua.tv\/index.php?rest_route=%2Fwp%2Fv2%2Ftags&post=35531"}],"curies":[{"name":"wp","href":"https:\/\/api.w.org\/{rel}","templated":true}]}}