{"id":35540,"date":"2025-07-30T00:15:46","date_gmt":"2025-07-30T00:15:46","guid":{"rendered":"https:\/\/cnctulua.tv\/?p=35540"},"modified":"2025-07-30T00:15:46","modified_gmt":"2025-07-30T00:15:46","slug":"acciones-judiciales-avanzan-en-el-valle-fiscalia-judicializa-a-presuntos-agresores-sexuales-homicidas-e-integrantes-de-estructura-criminal","status":"publish","type":"post","link":"https:\/\/cnctulua.tv\/?p=35540","title":{"rendered":"Acciones judiciales avanzan en el Valle: Fiscal\u00eda judicializa a presuntos agresores sexuales, homicidas e integrantes de estructura criminal."},"content":{"rendered":"\n<figure class=\"wp-block-embed is-type-video is-provider-youtube wp-block-embed-youtube wp-embed-aspect-16-9 wp-has-aspect-ratio\"><div class=\"wp-block-embed__wrapper\">\n<iframe loading=\"lazy\" title=\"\ud83d\udd34 Judicializados por abuso sexual, homicidio y pertenencia a banda criminal en el Valle del Cauca\" width=\"640\" height=\"360\" src=\"https:\/\/www.youtube.com\/embed\/jVOtkP7ul1w?feature=oembed\" frameborder=\"0\" allow=\"accelerometer; autoplay; clipboard-write; encrypted-media; gyroscope; picture-in-picture; web-share\" referrerpolicy=\"strict-origin-when-cross-origin\" allowfullscreen><\/iframe>\n<\/div><\/figure>\n\n\n\n<p>La Fiscal\u00eda General de la Naci\u00f3n logr\u00f3 la judicializaci\u00f3n de varios presuntos responsables de delitos graves cometidos en diferentes municipios del Valle del Cauca, entre ellos acceso carnal violento, homicidio agravado y concierto para delinquir con fines de asesinato.<\/p>\n\n\n\n<p>En Jamund\u00ed, un hombre de 32 a\u00f1os fue capturado por la Sij\u00edn de la Polic\u00eda Nacional en el corregimiento de Potrerito, se\u00f1alado de agredir sexualmente a su compa\u00f1era sentimental en, al menos, tres ocasiones durante este a\u00f1o. Los hechos habr\u00edan ocurrido en una residencia y en un establecimiento comercial del municipio. El presunto agresor fue imputado por el delito de acceso carnal violento agravado y deber\u00e1 permanecer en centro carcelario mientras avanza el proceso judicial.<\/p>\n\n\n\n<p>Entre tanto, en Cali, la Fiscal\u00eda present\u00f3 ante un juez a Lisandro Daniel Valverde Valencia, acusado de un homicidio ocurrido el pasado 4 de mayo en el barrio El Retiro. Seg\u00fan las investigaciones, el procesado habr\u00eda discutido con la v\u00edctima y luego le dispar\u00f3, caus\u00e1ndole la muerte en el lugar. La Sij\u00edn realiz\u00f3 su captura el pasado 25 de julio y se le imputaron los delitos de homicidio agravado y porte ilegal de armas de fuego. El hombre fue enviado a prisi\u00f3n.<\/p>\n\n\n\n<figure class=\"wp-block-image size-large\"><img loading=\"lazy\" decoding=\"async\" width=\"1024\" height=\"576\" src=\"https:\/\/cnctulua.tv\/wp-content\/uploads\/2025\/07\/vMix-Capture-29-julio-2025-19-14-12-1024x576.png\" alt=\"\" class=\"wp-image-35541\" srcset=\"https:\/\/cnctulua.tv\/wp-content\/uploads\/2025\/07\/vMix-Capture-29-julio-2025-19-14-12-1024x576.png 1024w, https:\/\/cnctulua.tv\/wp-content\/uploads\/2025\/07\/vMix-Capture-29-julio-2025-19-14-12-300x169.png 300w, https:\/\/cnctulua.tv\/wp-content\/uploads\/2025\/07\/vMix-Capture-29-julio-2025-19-14-12-768x432.png 768w, https:\/\/cnctulua.tv\/wp-content\/uploads\/2025\/07\/vMix-Capture-29-julio-2025-19-14-12-1536x864.png 1536w, https:\/\/cnctulua.tv\/wp-content\/uploads\/2025\/07\/vMix-Capture-29-julio-2025-19-14-12.png 1920w\" sizes=\"auto, (max-width: 1024px) 100vw, 1024px\" \/><\/figure>\n\n\n\n<p>Por otro lado, en Palmira, fueron judicializados Sebasti\u00e1n Angulo V\u00e9lez, Daniel Andrey Cruz Franco y Frank Yemer Caicedo Delgado, presuntos integrantes del grupo delincuencial conocido como \u2018Los Esparta\u2019. De acuerdo con el material probatorio, estos hombres estar\u00edan involucrados en cinco homicidios, uno de ellos registrado en agosto de 2024, donde dos personas fueron asesinadas con armas de fuego y cortopunzantes en medio de una disputa territorial. Las capturas se realizaron en operativos simult\u00e1neos en Cali y Palmira, con apoyo del CTI y la Polic\u00eda Nacional. Los procesados no aceptaron los cargos y permanecer\u00e1n con medida de aseguramiento en centro carcelario.<\/p>\n\n\n\n<figure class=\"wp-block-video\"><\/figure>\n","protected":false},"excerpt":{"rendered":"<p>La Fiscal\u00eda General de la Naci\u00f3n logr\u00f3 la judicializaci\u00f3n de varios presuntos responsables de delitos graves cometidos en diferentes municipios del Valle del Cauca, entre ellos acceso carnal violento, homicidio agravado y concierto para delinquir con fines de asesinato. En Jamund\u00ed, un hombre de 32 a\u00f1os fue capturado por la Sij\u00edn de la Polic\u00eda Nacional [&hellip;]<\/p>\n","protected":false},"author":3,"featured_media":35542,"comment_status":"open","ping_status":"open","sticky":false,"template":"","format":"video","meta":{"footnotes":""},"categories":[10],"tags":[],"class_list":["post-35540","post","type-post","status-publish","format-video","has-post-thumbnail","hentry","category-cnc-noticias-tulua","post_format-post-format-video"],"_links":{"self":[{"href":"https:\/\/cnctulua.tv\/index.php?rest_route=\/wp\/v2\/posts\/35540","targetHints":{"allow":["GET"]}}],"collection":[{"href":"https:\/\/cnctulua.tv\/index.php?rest_route=\/wp\/v2\/posts"}],"about":[{"href":"https:\/\/cnctulua.tv\/index.php?rest_route=\/wp\/v2\/types\/post"}],"author":[{"embeddable":true,"href":"https:\/\/cnctulua.tv\/index.php?rest_route=\/wp\/v2\/users\/3"}],"replies":[{"embeddable":true,"href":"https:\/\/cnctulua.tv\/index.php?rest_route=%2Fwp%2Fv2%2Fcomments&post=35540"}],"version-history":[{"count":1,"href":"https:\/\/cnctulua.tv\/index.php?rest_route=\/wp\/v2\/posts\/35540\/revisions"}],"predecessor-version":[{"id":35543,"href":"https:\/\/cnctulua.tv\/index.php?rest_route=\/wp\/v2\/posts\/35540\/revisions\/35543"}],"wp:featuredmedia":[{"embeddable":true,"href":"https:\/\/cnctulua.tv\/index.php?rest_route=\/wp\/v2\/media\/35542"}],"wp:attachment":[{"href":"https:\/\/cnctulua.tv\/index.php?rest_route=%2Fwp%2Fv2%2Fmedia&parent=35540"}],"wp:term":[{"taxonomy":"category","embeddable":true,"href":"https:\/\/cnctulua.tv\/index.php?rest_route=%2Fwp%2Fv2%2Fcategories&post=35540"},{"taxonomy":"post_tag","embeddable":true,"href":"https:\/\/cnctulua.tv\/index.php?rest_route=%2Fwp%2Fv2%2Ftags&post=35540"}],"curies":[{"name":"wp","href":"https:\/\/api.w.org\/{rel}","templated":true}]}}