{"id":35554,"date":"2025-08-01T00:39:01","date_gmt":"2025-08-01T00:39:01","guid":{"rendered":"https:\/\/cnctulua.tv\/?p=35554"},"modified":"2025-08-01T00:39:01","modified_gmt":"2025-08-01T00:39:01","slug":"jovenes-lideran-procesos-de-transformacion-social-en-nueve-municipios-del-valle-con-iniciativas-de-paz","status":"publish","type":"post","link":"https:\/\/cnctulua.tv\/?p=35554","title":{"rendered":"J\u00f3venes lideran procesos de transformaci\u00f3n social en nueve municipios del Valle con iniciativas de paz."},"content":{"rendered":"\n<p>Una nueva apuesta por la construcci\u00f3n de paz avanza en el Valle del Cauca a trav\u00e9s de \u2018Parches en Paz\u2019, un proyecto que fortalece el liderazgo juvenil en contextos territoriales diversos. La estrategia acompa\u00f1a 93 iniciativas desarrolladas por j\u00f3venes en nueve municipios, con \u00e9nfasis en la prevenci\u00f3n de violencias, el empoderamiento comunitario y la sostenibilidad social.<\/p>\n\n\n\n<p>El proceso se basa en la premisa de que la paz no es una acci\u00f3n aislada, sino un camino que nace desde los territorios y debe sostenerse con acciones concretas. Durante la fase preparatoria de 2024, m\u00e1s de 500 j\u00f3venes participaron en escenarios de di\u00e1logo y construcci\u00f3n colectiva como \u2018Paz Urbana a la Vallecaucana\u2019 y el festival \u2018Tejiendo redes de paz en el para\u00edso de todos\u2019. A partir de estos encuentros, se brind\u00f3 acompa\u00f1amiento t\u00e9cnico a 89 propuestas comunitarias.<\/p>\n\n\n\n<p>El proyecto reconoce la diversidad cultural y social del departamento. En Jamund\u00ed, por ejemplo, destacan procesos centrados en la memoria, el enfoque de g\u00e9nero y los saberes ancestrales; en Palmira, m\u00e1s del 60% de las iniciativas integran el arte, el liderazgo y la autonom\u00eda econ\u00f3mica; y en Tulu\u00e1 se resalta el trabajo con enfoque afro e ind\u00edgena, as\u00ed como acciones en salud mental.<\/p>\n\n\n\n<p>Natalia G\u00f3mez, una de las participantes desde Palmira, expres\u00f3 que \u201capoyar econ\u00f3micamente y t\u00e9cnicamente estas ideas no solo potencializa los procesos, tambi\u00e9n permite que dejemos de trabajar con las u\u00f1as\u201d. Por su parte, Maury Vanegas, l\u00edder juvenil de Buenaventura, destac\u00f3 que \u201cel arte ha sido nuestra herramienta para generar entornos protectores. Les ense\u00f1amos a los j\u00f3venes liderazgo, derechos humanos y resoluci\u00f3n de conflictos\u201d.<\/p>\n\n\n\n<p>Como parte del fortalecimiento institucional, se contempla la creaci\u00f3n de una escuela de liderazgo juvenil que respalde a las organizaciones participantes y garantice la continuidad de los procesos al menos hasta 2027.<\/p>\n\n\n\n<p>\u2018Parches en Paz\u2019 busca impactar directamente a m\u00e1s de 3.000 j\u00f3venes y alcanzar de forma indirecta a unas 30.000 personas, consolidando una red de agentes de cambio que act\u00faan desde sus realidades, a trav\u00e9s de expresiones culturales, art\u00edsticas, comunitarias y educativas.<\/p>\n\n\n\n<figure class=\"wp-block-embed is-type-video is-provider-youtube wp-block-embed-youtube wp-embed-aspect-16-9 wp-has-aspect-ratio\"><div class=\"wp-block-embed__wrapper\">\n<iframe loading=\"lazy\" title=\"\ud83c\udfa5 As\u00ed transforman sus comunidades los j\u00f3venes del Valle: arte, memoria y paz\" width=\"640\" height=\"360\" src=\"https:\/\/www.youtube.com\/embed\/K8RVnuy2Enw?feature=oembed\" frameborder=\"0\" allow=\"accelerometer; autoplay; clipboard-write; encrypted-media; gyroscope; picture-in-picture; web-share\" referrerpolicy=\"strict-origin-when-cross-origin\" allowfullscreen><\/iframe>\n<\/div><\/figure>\n\n\n\n<figure class=\"wp-block-video\"><\/figure>\n","protected":false},"excerpt":{"rendered":"<p>Una nueva apuesta por la construcci\u00f3n de paz avanza en el Valle del Cauca a trav\u00e9s de \u2018Parches en Paz\u2019, un proyecto que fortalece el liderazgo juvenil en contextos territoriales diversos. La estrategia acompa\u00f1a 93 iniciativas desarrolladas por j\u00f3venes en nueve municipios, con \u00e9nfasis en la prevenci\u00f3n de violencias, el empoderamiento comunitario y la sostenibilidad [&hellip;]<\/p>\n","protected":false},"author":3,"featured_media":35555,"comment_status":"open","ping_status":"open","sticky":false,"template":"","format":"video","meta":{"footnotes":""},"categories":[10],"tags":[1590,1587,64,1589,1588],"class_list":["post-35554","post","type-post","status-publish","format-video","has-post-thumbnail","hentry","category-cnc-noticias-tulua","tag-cnchoy","tag-departamentales2025","tag-paz","tag-telurohoy","tag-tuluahoy","post_format-post-format-video"],"_links":{"self":[{"href":"https:\/\/cnctulua.tv\/index.php?rest_route=\/wp\/v2\/posts\/35554","targetHints":{"allow":["GET"]}}],"collection":[{"href":"https:\/\/cnctulua.tv\/index.php?rest_route=\/wp\/v2\/posts"}],"about":[{"href":"https:\/\/cnctulua.tv\/index.php?rest_route=\/wp\/v2\/types\/post"}],"author":[{"embeddable":true,"href":"https:\/\/cnctulua.tv\/index.php?rest_route=\/wp\/v2\/users\/3"}],"replies":[{"embeddable":true,"href":"https:\/\/cnctulua.tv\/index.php?rest_route=%2Fwp%2Fv2%2Fcomments&post=35554"}],"version-history":[{"count":1,"href":"https:\/\/cnctulua.tv\/index.php?rest_route=\/wp\/v2\/posts\/35554\/revisions"}],"predecessor-version":[{"id":35556,"href":"https:\/\/cnctulua.tv\/index.php?rest_route=\/wp\/v2\/posts\/35554\/revisions\/35556"}],"wp:featuredmedia":[{"embeddable":true,"href":"https:\/\/cnctulua.tv\/index.php?rest_route=\/wp\/v2\/media\/35555"}],"wp:attachment":[{"href":"https:\/\/cnctulua.tv\/index.php?rest_route=%2Fwp%2Fv2%2Fmedia&parent=35554"}],"wp:term":[{"taxonomy":"category","embeddable":true,"href":"https:\/\/cnctulua.tv\/index.php?rest_route=%2Fwp%2Fv2%2Fcategories&post=35554"},{"taxonomy":"post_tag","embeddable":true,"href":"https:\/\/cnctulua.tv\/index.php?rest_route=%2Fwp%2Fv2%2Ftags&post=35554"}],"curies":[{"name":"wp","href":"https:\/\/api.w.org\/{rel}","templated":true}]}}