{"id":35565,"date":"2025-08-01T01:13:14","date_gmt":"2025-08-01T01:13:14","guid":{"rendered":"https:\/\/cnctulua.tv\/?p=35565"},"modified":"2025-08-01T01:13:14","modified_gmt":"2025-08-01T01:13:14","slug":"asegurado-hombre-senalado-de-maltratar-a-su-pareja-durante-siete-anos-en-tulua","status":"publish","type":"post","link":"https:\/\/cnctulua.tv\/?p=35565","title":{"rendered":"Asegurado hombre se\u00f1alado de maltratar a su pareja durante siete a\u00f1os en Tulu\u00e1."},"content":{"rendered":"\n<p>Un juez de control de garant\u00edas impuso medida de aseguramiento en centro carcelario contra un hombre, investigado como presunto responsable del delito de violencia intrafamiliar agravada, conducta que habr\u00eda ejercido de forma reiterada durante los \u00faltimos siete a\u00f1os contra su compa\u00f1era sentimental en el municipio de Tulu\u00e1.<\/p>\n\n\n\n<p>Seg\u00fan lo expuesto por un fiscal de la Seccional Valle del Cauca, los elementos materiales probatorios dan cuenta de un patr\u00f3n de violencia f\u00edsica y psicol\u00f3gica desde el a\u00f1o 2018. El episodio m\u00e1s reciente habr\u00eda ocurrido el pasado 31 de marzo, cuando la v\u00edctima result\u00f3 lesionada por un veh\u00edculo que, al parecer, era conducido por el hoy procesado.<\/p>\n\n\n\n<p>La captura de Arredondo Dur\u00e1n fue realizada el pasado 24 de julio por servidores del Cuerpo T\u00e9cnico de Investigaci\u00f3n (CTI), tras el avance de las indagaciones. Aunque el procesado no acept\u00f3 los cargos imputados, la autoridad judicial consider\u00f3 que exist\u00edan los m\u00e9ritos suficientes para dictarle la medida privativa de la libertad en centro penitenciario.<\/p>\n\n\n\n<p>Este caso hace parte de los esfuerzos institucionales por combatir y sancionar de manera efectiva las conductas de violencia de g\u00e9nero en el Valle del Cauca.<\/p>\n\n\n\n<figure class=\"wp-block-embed is-type-video is-provider-youtube wp-block-embed-youtube wp-embed-aspect-16-9 wp-has-aspect-ratio\"><div class=\"wp-block-embed__wrapper\">\n<iframe loading=\"lazy\" title=\"\ud83d\udc69\u200d\u2696\ufe0f Medida carcelaria por violencia intrafamiliar en Tulu\u00e1: caso judicial en desarrollo\" width=\"640\" height=\"360\" src=\"https:\/\/www.youtube.com\/embed\/l6KFgsQY3Z4?feature=oembed\" frameborder=\"0\" allow=\"accelerometer; autoplay; clipboard-write; encrypted-media; gyroscope; picture-in-picture; web-share\" referrerpolicy=\"strict-origin-when-cross-origin\" allowfullscreen><\/iframe>\n<\/div><\/figure>\n\n\n\n<figure class=\"wp-block-video\"><\/figure>\n","protected":false},"excerpt":{"rendered":"<p>Un juez de control de garant\u00edas impuso medida de aseguramiento en centro carcelario contra un hombre, investigado como presunto responsable del delito de violencia intrafamiliar agravada, conducta que habr\u00eda ejercido de forma reiterada durante los \u00faltimos siete a\u00f1os contra su compa\u00f1era sentimental en el municipio de Tulu\u00e1. Seg\u00fan lo expuesto por un fiscal de la [&hellip;]<\/p>\n","protected":false},"author":3,"featured_media":35566,"comment_status":"open","ping_status":"open","sticky":false,"template":"","format":"video","meta":{"footnotes":""},"categories":[10],"tags":[],"class_list":["post-35565","post","type-post","status-publish","format-video","has-post-thumbnail","hentry","category-cnc-noticias-tulua","post_format-post-format-video"],"_links":{"self":[{"href":"https:\/\/cnctulua.tv\/index.php?rest_route=\/wp\/v2\/posts\/35565","targetHints":{"allow":["GET"]}}],"collection":[{"href":"https:\/\/cnctulua.tv\/index.php?rest_route=\/wp\/v2\/posts"}],"about":[{"href":"https:\/\/cnctulua.tv\/index.php?rest_route=\/wp\/v2\/types\/post"}],"author":[{"embeddable":true,"href":"https:\/\/cnctulua.tv\/index.php?rest_route=\/wp\/v2\/users\/3"}],"replies":[{"embeddable":true,"href":"https:\/\/cnctulua.tv\/index.php?rest_route=%2Fwp%2Fv2%2Fcomments&post=35565"}],"version-history":[{"count":1,"href":"https:\/\/cnctulua.tv\/index.php?rest_route=\/wp\/v2\/posts\/35565\/revisions"}],"predecessor-version":[{"id":35567,"href":"https:\/\/cnctulua.tv\/index.php?rest_route=\/wp\/v2\/posts\/35565\/revisions\/35567"}],"wp:featuredmedia":[{"embeddable":true,"href":"https:\/\/cnctulua.tv\/index.php?rest_route=\/wp\/v2\/media\/35566"}],"wp:attachment":[{"href":"https:\/\/cnctulua.tv\/index.php?rest_route=%2Fwp%2Fv2%2Fmedia&parent=35565"}],"wp:term":[{"taxonomy":"category","embeddable":true,"href":"https:\/\/cnctulua.tv\/index.php?rest_route=%2Fwp%2Fv2%2Fcategories&post=35565"},{"taxonomy":"post_tag","embeddable":true,"href":"https:\/\/cnctulua.tv\/index.php?rest_route=%2Fwp%2Fv2%2Ftags&post=35565"}],"curies":[{"name":"wp","href":"https:\/\/api.w.org\/{rel}","templated":true}]}}