{"id":35582,"date":"2025-08-01T01:54:39","date_gmt":"2025-08-01T01:54:39","guid":{"rendered":"https:\/\/cnctulua.tv\/?p=35582"},"modified":"2025-08-01T01:54:39","modified_gmt":"2025-08-01T01:54:39","slug":"tulua-refuerza-controles-con-caravanas-por-la-vida-cierres-de-establecimientos-comparendos-y-decomisos","status":"publish","type":"post","link":"https:\/\/cnctulua.tv\/?p=35582","title":{"rendered":"Tulu\u00e1 refuerza controles con caravanas por la vida: cierres de establecimientos, comparendos y decomisos."},"content":{"rendered":"\n<p>En el marco de las estrategias para mejorar la seguridad y la convivencia ciudadana, contin\u00faan en Tulu\u00e1 las caravanas por la vida, operativos interinstitucionales que permiten a las autoridades actuar en tiempo real ante comportamientos que alteran el orden p\u00fablico.<\/p>\n\n\n\n<figure class=\"wp-block-embed is-type-video is-provider-youtube wp-block-embed-youtube wp-embed-aspect-16-9 wp-has-aspect-ratio\"><div class=\"wp-block-embed__wrapper\">\n<iframe loading=\"lazy\" title=\"\ud83d\udd0e As\u00ed fue el control a establecimientos y espacio p\u00fablico en Tulu\u00e1\" width=\"640\" height=\"360\" src=\"https:\/\/www.youtube.com\/embed\/QZo2Crkax2s?feature=oembed\" frameborder=\"0\" allow=\"accelerometer; autoplay; clipboard-write; encrypted-media; gyroscope; picture-in-picture; web-share\" referrerpolicy=\"strict-origin-when-cross-origin\" allowfullscreen><\/iframe>\n<\/div><\/figure>\n\n\n\n<p>Durante el m\u00e1s reciente recorrido, la Polic\u00eda Nacional intervino un establecimiento comercial donde se report\u00f3 una ri\u00f1a. Tras controlar la situaci\u00f3n, se realizaron verificaciones de documentos, registros a personas y revisi\u00f3n de condiciones sanitarias y de seguridad del lugar. Las autoridades encontraron que el local funcionaba de manera irregular en el espacio p\u00fablico, extendi\u00e9ndose sobre el and\u00e9n y obstaculizando la movilidad peatonal. En consecuencia, el sitio fue cerrado preventivamente por diez d\u00edas, se impuso un comparendo y se traslad\u00f3 el caso a la Secretar\u00eda de Gobierno para una evaluaci\u00f3n adicional.<\/p>\n\n\n\n<div class=\"wp-block-group is-nowrap is-layout-flex wp-container-core-group-is-layout-6c531013 wp-block-group-is-layout-flex\">\n<figure class=\"wp-block-image size-large\"><img loading=\"lazy\" decoding=\"async\" width=\"1024\" height=\"576\" src=\"https:\/\/cnctulua.tv\/wp-content\/uploads\/2025\/08\/EDICION-NOTAS-.02_01_03_02.Imagen-fija014-1024x576.png\" alt=\"\" class=\"wp-image-35583\" srcset=\"https:\/\/cnctulua.tv\/wp-content\/uploads\/2025\/08\/EDICION-NOTAS-.02_01_03_02.Imagen-fija014-1024x576.png 1024w, https:\/\/cnctulua.tv\/wp-content\/uploads\/2025\/08\/EDICION-NOTAS-.02_01_03_02.Imagen-fija014-300x169.png 300w, https:\/\/cnctulua.tv\/wp-content\/uploads\/2025\/08\/EDICION-NOTAS-.02_01_03_02.Imagen-fija014-768x432.png 768w, https:\/\/cnctulua.tv\/wp-content\/uploads\/2025\/08\/EDICION-NOTAS-.02_01_03_02.Imagen-fija014-1536x864.png 1536w, https:\/\/cnctulua.tv\/wp-content\/uploads\/2025\/08\/EDICION-NOTAS-.02_01_03_02.Imagen-fija014.png 1920w\" sizes=\"auto, (max-width: 1024px) 100vw, 1024px\" \/><\/figure>\n\n\n\n<p>Otro de los puntos intervenidos fue el sector del Lago Chilicote, donde varias personas fueron sorprendidas portando y consumiendo sustancias alucin\u00f3genas como marihuana y Tusi. A estos ciudadanos se les impusieron tres comparendos por infringir la normativa municipal que proh\u00edbe el porte y consumo de drogas en parques, colegios, hospitales y sus alrededores.<\/p>\n<\/div>\n\n\n\n<p>En el parque de la Familia tambi\u00e9n se llevaron a cabo operativos de control que resultaron en la imposici\u00f3n de sanciones a quienes utilizaban inadecuadamente el espacio p\u00fablico y circulaban en veh\u00edculos sin la documentaci\u00f3n correspondiente.<\/p>\n\n\n\n<p>Uno de los casos m\u00e1s sensibles se present\u00f3 en el barrio Nuevo F\u00e1tima, donde vecinos denunciaron un establecimiento comercial que generaba alteraciones a la tranquilidad, operando con m\u00fasica a alto volumen desde horas de la tarde hasta la madrugada. Seg\u00fan el informe, el lugar ocupaba el and\u00e9n y la v\u00eda con sillas, mesas y motocicletas, poniendo en riesgo a peatones y obstruyendo el paso vehicular. La intervenci\u00f3n termin\u00f3 con el desalojo del mobiliario, comparendos por uso indebido del espacio p\u00fablico y el cierre voluntario del establecimiento. El propietario fue citado por las autoridades para establecer responsabilidades y revisar la legalidad de su actividad.<\/p>\n\n\n\n<p>Las autoridades reiteraron el llamado a la ciudadan\u00eda para que participe activamente en la construcci\u00f3n de entornos seguros y reporten situaciones que comprometan la convivencia. Las caravanas por la vida seguir\u00e1n recorriendo diferentes sectores del municipio como parte de la estrategia integral para prevenir delitos y recuperar el control del espacio p\u00fablico.<\/p>\n\n\n\n<figure class=\"wp-block-video\"><\/figure>\n","protected":false},"excerpt":{"rendered":"<p>En el marco de las estrategias para mejorar la seguridad y la convivencia ciudadana, contin\u00faan en Tulu\u00e1 las caravanas por la vida, operativos interinstitucionales que permiten a las autoridades actuar en tiempo real ante comportamientos que alteran el orden p\u00fablico. Durante el m\u00e1s reciente recorrido, la Polic\u00eda Nacional intervino un establecimiento comercial donde se report\u00f3 [&hellip;]<\/p>\n","protected":false},"author":3,"featured_media":35584,"comment_status":"open","ping_status":"open","sticky":false,"template":"","format":"video","meta":{"footnotes":""},"categories":[10],"tags":[],"class_list":["post-35582","post","type-post","status-publish","format-video","has-post-thumbnail","hentry","category-cnc-noticias-tulua","post_format-post-format-video"],"_links":{"self":[{"href":"https:\/\/cnctulua.tv\/index.php?rest_route=\/wp\/v2\/posts\/35582","targetHints":{"allow":["GET"]}}],"collection":[{"href":"https:\/\/cnctulua.tv\/index.php?rest_route=\/wp\/v2\/posts"}],"about":[{"href":"https:\/\/cnctulua.tv\/index.php?rest_route=\/wp\/v2\/types\/post"}],"author":[{"embeddable":true,"href":"https:\/\/cnctulua.tv\/index.php?rest_route=\/wp\/v2\/users\/3"}],"replies":[{"embeddable":true,"href":"https:\/\/cnctulua.tv\/index.php?rest_route=%2Fwp%2Fv2%2Fcomments&post=35582"}],"version-history":[{"count":1,"href":"https:\/\/cnctulua.tv\/index.php?rest_route=\/wp\/v2\/posts\/35582\/revisions"}],"predecessor-version":[{"id":35585,"href":"https:\/\/cnctulua.tv\/index.php?rest_route=\/wp\/v2\/posts\/35582\/revisions\/35585"}],"wp:featuredmedia":[{"embeddable":true,"href":"https:\/\/cnctulua.tv\/index.php?rest_route=\/wp\/v2\/media\/35584"}],"wp:attachment":[{"href":"https:\/\/cnctulua.tv\/index.php?rest_route=%2Fwp%2Fv2%2Fmedia&parent=35582"}],"wp:term":[{"taxonomy":"category","embeddable":true,"href":"https:\/\/cnctulua.tv\/index.php?rest_route=%2Fwp%2Fv2%2Fcategories&post=35582"},{"taxonomy":"post_tag","embeddable":true,"href":"https:\/\/cnctulua.tv\/index.php?rest_route=%2Fwp%2Fv2%2Ftags&post=35582"}],"curies":[{"name":"wp","href":"https:\/\/api.w.org\/{rel}","templated":true}]}}