{"id":35602,"date":"2025-08-01T16:31:03","date_gmt":"2025-08-01T16:31:03","guid":{"rendered":"https:\/\/cnctulua.tv\/?p=35602"},"modified":"2025-08-01T16:31:03","modified_gmt":"2025-08-01T16:31:03","slug":"abren-convocatoria-para-integrar-la-red-animalia-valle-en-defensa-de-los-seres-sintientes","status":"publish","type":"post","link":"https:\/\/cnctulua.tv\/?p=35602","title":{"rendered":"Abren convocatoria para integrar la Red Animalia Valle en defensa de los seres sintientes."},"content":{"rendered":"\n<p>Ya est\u00e1 abierta la convocatoria para integrar la Red Animalia Valle, una estrategia que busca fortalecer la protecci\u00f3n y el bienestar de los animales en el departamento del Valle del Cauca. La invitaci\u00f3n est\u00e1 dirigida a rescatistas, cuidadores, fundaciones, albergues y refugios que trabajen en la protecci\u00f3n de los seres sintientes.<\/p>\n\n\n\n<figure class=\"wp-block-embed is-type-video is-provider-youtube wp-block-embed-youtube wp-embed-aspect-16-9 wp-has-aspect-ratio\"><div class=\"wp-block-embed__wrapper\">\n<iframe loading=\"lazy\" title=\"Abren convocatoria para integrar la Red Animalia \ud83d\udc3e Inscripciones hasta el 4 de agosto.\" width=\"640\" height=\"360\" src=\"https:\/\/www.youtube.com\/embed\/mw9lFeZjda8?feature=oembed\" frameborder=\"0\" allow=\"accelerometer; autoplay; clipboard-write; encrypted-media; gyroscope; picture-in-picture; web-share\" referrerpolicy=\"strict-origin-when-cross-origin\" allowfullscreen><\/iframe>\n<\/div><\/figure>\n\n\n\n<p>Lizeth Parra, subsecretaria de Protecci\u00f3n y Bienestar Animal, inform\u00f3 que las inscripciones estar\u00e1n disponibles desde el 30 de julio hasta el 4 de agosto, a trav\u00e9s de un formulario en l\u00ednea. \u201cSe abre las inscripciones de la Red Animalia Valle, en todo el territorio departamental; si eres rescatista, cuidador, tienes un albergue, refugio, entre otros podr\u00e1s inscribirte\u201d, indic\u00f3.<\/p>\n\n\n\n<figure class=\"wp-block-gallery has-nested-images columns-default is-cropped wp-block-gallery-1 is-layout-flex wp-block-gallery-is-layout-flex\">\n<figure class=\"wp-block-image size-large\"><img loading=\"lazy\" decoding=\"async\" width=\"633\" height=\"1024\" data-id=\"35626\" src=\"https:\/\/cnctulua.tv\/wp-content\/uploads\/2025\/08\/WhatsApp-Image-2025-08-01-at-11.16.52-AM-633x1024.jpeg\" alt=\"\" class=\"wp-image-35626\" srcset=\"https:\/\/cnctulua.tv\/wp-content\/uploads\/2025\/08\/WhatsApp-Image-2025-08-01-at-11.16.52-AM-633x1024.jpeg 633w, https:\/\/cnctulua.tv\/wp-content\/uploads\/2025\/08\/WhatsApp-Image-2025-08-01-at-11.16.52-AM-186x300.jpeg 186w, https:\/\/cnctulua.tv\/wp-content\/uploads\/2025\/08\/WhatsApp-Image-2025-08-01-at-11.16.52-AM.jpeg 720w\" sizes=\"auto, (max-width: 633px) 100vw, 633px\" \/><\/figure>\n<\/figure>\n\n\n\n<p>Entre los requisitos para ser parte de esta red se encuentran: tener certificado de existencia y representaci\u00f3n legal (en el caso de personas jur\u00eddicas), residir en alg\u00fan municipio del Valle del Cauca, demostrar al menos dos a\u00f1os de trabajo en labores de protecci\u00f3n animal, y cursar con aprobaci\u00f3n los m\u00f3dulos de capacitaci\u00f3n sobre protecci\u00f3n y bienestar animal.<\/p>\n\n\n\n<p>Como parte del proceso, los espacios postulados ser\u00e1n visitados por personal de la Secretar\u00eda de Ambiente y Desarrollo Sostenible, con el fin de verificar que cumplan con las condiciones adecuadas para el cuidado de los animales.<\/p>\n\n\n\n<p>La Red Animalia Valle fue creada para activar rutas de protecci\u00f3n animal, atender casos de alimentaci\u00f3n y brindar apoyo a los municipios a trav\u00e9s de grupos de rescate y atenci\u00f3n voluntaria. Adem\u00e1s, permitir\u00e1 establecer puntos de colaboraci\u00f3n entre actores locales que trabajan por la defensa de los animales y facilitar\u00e1 el manejo de casos de incautaciones o aprehensiones preventivas.<\/p>\n\n\n\n<p>Los interesados en ser parte de la red pueden diligenciar el formulario disponible en el siguiente enlace: https:\/\/forms.gle\/svjh83RCNbuAY6K19<\/p>\n","protected":false},"excerpt":{"rendered":"<p>Ya est\u00e1 abierta la convocatoria para integrar la Red Animalia Valle, una estrategia que busca fortalecer la protecci\u00f3n y el bienestar de los animales en el departamento del Valle del Cauca. La invitaci\u00f3n est\u00e1 dirigida a rescatistas, cuidadores, fundaciones, albergues y refugios que trabajen en la protecci\u00f3n de los seres sintientes. Lizeth Parra, subsecretaria de [&hellip;]<\/p>\n","protected":false},"author":3,"featured_media":35624,"comment_status":"open","ping_status":"open","sticky":false,"template":"","format":"video","meta":{"footnotes":""},"categories":[10,1515],"tags":[],"class_list":["post-35602","post","type-post","status-publish","format-video","has-post-thumbnail","hentry","category-cnc-noticias-tulua","category-cnc-tulua","post_format-post-format-video"],"_links":{"self":[{"href":"https:\/\/cnctulua.tv\/index.php?rest_route=\/wp\/v2\/posts\/35602","targetHints":{"allow":["GET"]}}],"collection":[{"href":"https:\/\/cnctulua.tv\/index.php?rest_route=\/wp\/v2\/posts"}],"about":[{"href":"https:\/\/cnctulua.tv\/index.php?rest_route=\/wp\/v2\/types\/post"}],"author":[{"embeddable":true,"href":"https:\/\/cnctulua.tv\/index.php?rest_route=\/wp\/v2\/users\/3"}],"replies":[{"embeddable":true,"href":"https:\/\/cnctulua.tv\/index.php?rest_route=%2Fwp%2Fv2%2Fcomments&post=35602"}],"version-history":[{"count":1,"href":"https:\/\/cnctulua.tv\/index.php?rest_route=\/wp\/v2\/posts\/35602\/revisions"}],"predecessor-version":[{"id":35628,"href":"https:\/\/cnctulua.tv\/index.php?rest_route=\/wp\/v2\/posts\/35602\/revisions\/35628"}],"wp:featuredmedia":[{"embeddable":true,"href":"https:\/\/cnctulua.tv\/index.php?rest_route=\/wp\/v2\/media\/35624"}],"wp:attachment":[{"href":"https:\/\/cnctulua.tv\/index.php?rest_route=%2Fwp%2Fv2%2Fmedia&parent=35602"}],"wp:term":[{"taxonomy":"category","embeddable":true,"href":"https:\/\/cnctulua.tv\/index.php?rest_route=%2Fwp%2Fv2%2Fcategories&post=35602"},{"taxonomy":"post_tag","embeddable":true,"href":"https:\/\/cnctulua.tv\/index.php?rest_route=%2Fwp%2Fv2%2Ftags&post=35602"}],"curies":[{"name":"wp","href":"https:\/\/api.w.org\/{rel}","templated":true}]}}