{"id":35605,"date":"2025-08-01T17:22:55","date_gmt":"2025-08-01T17:22:55","guid":{"rendered":"https:\/\/cnctulua.tv\/?p=35605"},"modified":"2025-08-01T17:22:55","modified_gmt":"2025-08-01T17:22:55","slug":"condenado-a-mas-de-33-anos-de-prision-por-homicidio-y-tentativa-de-asesinato-en-cali","status":"publish","type":"post","link":"https:\/\/cnctulua.tv\/?p=35605","title":{"rendered":"Condenado a m\u00e1s de 33 a\u00f1os de prisi\u00f3n por homicidio y tentativa de asesinato en Cali."},"content":{"rendered":"\n<p>Un juez de conocimiento conden\u00f3 a 33 a\u00f1os y 4 meses de prisi\u00f3n a Juan Sebasti\u00e1n D\u00edaz Samaniego, tras hallarlo culpable de los delitos de homicidio agravado, tentativa de homicidio agravado, porte ilegal de armas de fuego y uso de menores para la comisi\u00f3n de delitos, en hechos ocurridos en Cali.<\/p>\n\n\n\n<figure class=\"wp-block-embed is-type-video is-provider-youtube wp-block-embed-youtube wp-embed-aspect-16-9 wp-has-aspect-ratio\"><div class=\"wp-block-embed__wrapper\">\n<iframe loading=\"lazy\" title=\"Condenado a m\u00e1s de 33 a\u00f1os por homicidio en barrio El Vergel, Cali.\" width=\"640\" height=\"360\" src=\"https:\/\/www.youtube.com\/embed\/WUxMbt4JKCU?feature=oembed\" frameborder=\"0\" allow=\"accelerometer; autoplay; clipboard-write; encrypted-media; gyroscope; picture-in-picture; web-share\" referrerpolicy=\"strict-origin-when-cross-origin\" allowfullscreen><\/iframe>\n<\/div><\/figure>\n\n\n\n<p>Seg\u00fan lo establecido por la Fiscal\u00eda General de la Naci\u00f3n, los hechos se remontan al 3 de marzo de 2023, cuando D\u00edaz Samaniego atac\u00f3 con arma de fuego a dos personas \u2014un adulto y un adolescente de 17 a\u00f1os\u2014 en una v\u00eda p\u00fablica del barrio El Vergel, sector La Tatabera. Como consecuencia del ataque, el hombre falleci\u00f3 por las heridas recibidas, mientras que el menor result\u00f3 gravemente herido.<\/p>\n\n\n\n<p>Durante la investigaci\u00f3n, se evidenci\u00f3 que el agresor instrumentaliz\u00f3 a un menor de edad para ejecutar el crimen, situaci\u00f3n que agrav\u00f3 su responsabilidad penal. El material probatorio presentado por la Fiscal\u00eda fue determinante para lograr la sentencia.<\/p>\n\n\n\n<p>El condenado deber\u00e1 cumplir la pena en un centro penitenciario, seg\u00fan lo dispuesto por la autoridad judicial.<\/p>\n","protected":false},"excerpt":{"rendered":"<p>Un juez de conocimiento conden\u00f3 a 33 a\u00f1os y 4 meses de prisi\u00f3n a Juan Sebasti\u00e1n D\u00edaz Samaniego, tras hallarlo culpable de los delitos de homicidio agravado, tentativa de homicidio agravado, porte ilegal de armas de fuego y uso de menores para la comisi\u00f3n de delitos, en hechos ocurridos en Cali. Seg\u00fan lo establecido por [&hellip;]<\/p>\n","protected":false},"author":3,"featured_media":35634,"comment_status":"open","ping_status":"open","sticky":false,"template":"","format":"video","meta":{"footnotes":""},"categories":[10,1515],"tags":[],"class_list":["post-35605","post","type-post","status-publish","format-video","has-post-thumbnail","hentry","category-cnc-noticias-tulua","category-cnc-tulua","post_format-post-format-video"],"_links":{"self":[{"href":"https:\/\/cnctulua.tv\/index.php?rest_route=\/wp\/v2\/posts\/35605","targetHints":{"allow":["GET"]}}],"collection":[{"href":"https:\/\/cnctulua.tv\/index.php?rest_route=\/wp\/v2\/posts"}],"about":[{"href":"https:\/\/cnctulua.tv\/index.php?rest_route=\/wp\/v2\/types\/post"}],"author":[{"embeddable":true,"href":"https:\/\/cnctulua.tv\/index.php?rest_route=\/wp\/v2\/users\/3"}],"replies":[{"embeddable":true,"href":"https:\/\/cnctulua.tv\/index.php?rest_route=%2Fwp%2Fv2%2Fcomments&post=35605"}],"version-history":[{"count":1,"href":"https:\/\/cnctulua.tv\/index.php?rest_route=\/wp\/v2\/posts\/35605\/revisions"}],"predecessor-version":[{"id":35637,"href":"https:\/\/cnctulua.tv\/index.php?rest_route=\/wp\/v2\/posts\/35605\/revisions\/35637"}],"wp:featuredmedia":[{"embeddable":true,"href":"https:\/\/cnctulua.tv\/index.php?rest_route=\/wp\/v2\/media\/35634"}],"wp:attachment":[{"href":"https:\/\/cnctulua.tv\/index.php?rest_route=%2Fwp%2Fv2%2Fmedia&parent=35605"}],"wp:term":[{"taxonomy":"category","embeddable":true,"href":"https:\/\/cnctulua.tv\/index.php?rest_route=%2Fwp%2Fv2%2Fcategories&post=35605"},{"taxonomy":"post_tag","embeddable":true,"href":"https:\/\/cnctulua.tv\/index.php?rest_route=%2Fwp%2Fv2%2Ftags&post=35605"}],"curies":[{"name":"wp","href":"https:\/\/api.w.org\/{rel}","templated":true}]}}