{"id":35613,"date":"2025-08-01T19:01:31","date_gmt":"2025-08-01T19:01:31","guid":{"rendered":"https:\/\/cnctulua.tv\/?p=35613"},"modified":"2025-08-01T19:01:31","modified_gmt":"2025-08-01T19:01:31","slug":"ejercito-denuncia-intento-de-despojo-de-armamento-institucional-durante-operacion-en-villa-colombia","status":"publish","type":"post","link":"https:\/\/cnctulua.tv\/?p=35613","title":{"rendered":"Ej\u00e9rcito denuncia intento de despojo de armamento institucional durante operaci\u00f3n en Villa Colombia."},"content":{"rendered":"\n<p>Durante una operaci\u00f3n militar desarrollada por tropas del Batall\u00f3n de Operaciones Terrestres N.\u00ba 13, adscritas al Ej\u00e9rcito Nacional, se present\u00f3 una situaci\u00f3n que oblig\u00f3 a las unidades a replegarse desde el sector norte de Villa Colombia hacia el casco urbano del corregimiento La Ampudia, dificultando as\u00ed el desarrollo de misiones orientadas a la protecci\u00f3n de la poblaci\u00f3n civil en la zona.<\/p>\n\n\n\n<figure class=\"wp-block-embed is-type-video is-provider-youtube wp-block-embed-youtube wp-embed-aspect-16-9 wp-has-aspect-ratio\"><div class=\"wp-block-embed__wrapper\">\n<iframe loading=\"lazy\" title=\"\ud83d\udd34 Tensi\u00f3n en zona rural de Jamund\u00ed tras intento de desarme a soldados.\" width=\"640\" height=\"360\" src=\"https:\/\/www.youtube.com\/embed\/5xlahLdjJfw?feature=oembed\" frameborder=\"0\" allow=\"accelerometer; autoplay; clipboard-write; encrypted-media; gyroscope; picture-in-picture; web-share\" referrerpolicy=\"strict-origin-when-cross-origin\" allowfullscreen><\/iframe>\n<\/div><\/figure>\n\n\n\n<p>En el marco de esta maniobra t\u00e1ctica, un grupo de personas habr\u00eda intentado, de forma violenta y sin justificaci\u00f3n legal, arrebatar las armas de dotaci\u00f3n a los uniformados. Este acto es considerado por la instituci\u00f3n castrense como una agresi\u00f3n actual e inminente que no solo puso en riesgo la vida e integridad de los soldados, sino tambi\u00e9n la seguridad del dispositivo militar desplegado en el sector.<\/p>\n\n\n\n<figure class=\"wp-block-gallery has-nested-images columns-default is-cropped wp-block-gallery-1 is-layout-flex wp-block-gallery-is-layout-flex\">\n<figure class=\"wp-block-image size-large\"><img loading=\"lazy\" decoding=\"async\" width=\"1024\" height=\"479\" data-id=\"35660\" src=\"https:\/\/cnctulua.tv\/wp-content\/uploads\/2025\/08\/intento-1024x479.png\" alt=\"\" class=\"wp-image-35660\" srcset=\"https:\/\/cnctulua.tv\/wp-content\/uploads\/2025\/08\/intento-1024x479.png 1024w, https:\/\/cnctulua.tv\/wp-content\/uploads\/2025\/08\/intento-300x140.png 300w, https:\/\/cnctulua.tv\/wp-content\/uploads\/2025\/08\/intento-768x360.png 768w, https:\/\/cnctulua.tv\/wp-content\/uploads\/2025\/08\/intento.png 1181w\" sizes=\"auto, (max-width: 1024px) 100vw, 1024px\" \/><\/figure>\n<\/figure>\n\n\n\n<p>Frente a estos hechos, el personal militar respondi\u00f3 en el marco del principio de leg\u00edtima defensa, conforme a lo establecido en el art\u00edculo 32 del C\u00f3digo Penal Colombiano, que permite repeler una agresi\u00f3n injusta que comprometa la integridad personal y la protecci\u00f3n de bienes jur\u00eddicamente tutelados como lo es el armamento institucional.<\/p>\n\n\n\n<p>El Ej\u00e9rcito Nacional inform\u00f3 que presentar\u00e1 las denuncias correspondientes ante las autoridades judiciales con el objetivo de esclarecer lo ocurrido y que se adelanten las investigaciones pertinentes en el marco del debido proceso.<\/p>\n\n\n\n<p>A trav\u00e9s de un comunicado oficial, la instituci\u00f3n rechaz\u00f3 este tipo de conductas que, a su juicio, vulneran derechos fundamentales, perturban el orden p\u00fablico y entorpecen la misi\u00f3n constitucional de garantizar la seguridad y soberan\u00eda nacional. Asimismo, reiter\u00f3 su compromiso con el respeto a los derechos humanos y al Derecho Internacional Humanitario, y confirm\u00f3 que mantendr\u00e1 presencia en la zona para preservar la seguridad de las comunidades del suroccidente colombiano.<\/p>\n","protected":false},"excerpt":{"rendered":"<p>Durante una operaci\u00f3n militar desarrollada por tropas del Batall\u00f3n de Operaciones Terrestres N.\u00ba 13, adscritas al Ej\u00e9rcito Nacional, se present\u00f3 una situaci\u00f3n que oblig\u00f3 a las unidades a replegarse desde el sector norte de Villa Colombia hacia el casco urbano del corregimiento La Ampudia, dificultando as\u00ed el desarrollo de misiones orientadas a la protecci\u00f3n de [&hellip;]<\/p>\n","protected":false},"author":3,"featured_media":35659,"comment_status":"open","ping_status":"open","sticky":false,"template":"","format":"video","meta":{"footnotes":""},"categories":[10,1515],"tags":[],"class_list":["post-35613","post","type-post","status-publish","format-video","has-post-thumbnail","hentry","category-cnc-noticias-tulua","category-cnc-tulua","post_format-post-format-video"],"_links":{"self":[{"href":"https:\/\/cnctulua.tv\/index.php?rest_route=\/wp\/v2\/posts\/35613","targetHints":{"allow":["GET"]}}],"collection":[{"href":"https:\/\/cnctulua.tv\/index.php?rest_route=\/wp\/v2\/posts"}],"about":[{"href":"https:\/\/cnctulua.tv\/index.php?rest_route=\/wp\/v2\/types\/post"}],"author":[{"embeddable":true,"href":"https:\/\/cnctulua.tv\/index.php?rest_route=\/wp\/v2\/users\/3"}],"replies":[{"embeddable":true,"href":"https:\/\/cnctulua.tv\/index.php?rest_route=%2Fwp%2Fv2%2Fcomments&post=35613"}],"version-history":[{"count":1,"href":"https:\/\/cnctulua.tv\/index.php?rest_route=\/wp\/v2\/posts\/35613\/revisions"}],"predecessor-version":[{"id":35661,"href":"https:\/\/cnctulua.tv\/index.php?rest_route=\/wp\/v2\/posts\/35613\/revisions\/35661"}],"wp:featuredmedia":[{"embeddable":true,"href":"https:\/\/cnctulua.tv\/index.php?rest_route=\/wp\/v2\/media\/35659"}],"wp:attachment":[{"href":"https:\/\/cnctulua.tv\/index.php?rest_route=%2Fwp%2Fv2%2Fmedia&parent=35613"}],"wp:term":[{"taxonomy":"category","embeddable":true,"href":"https:\/\/cnctulua.tv\/index.php?rest_route=%2Fwp%2Fv2%2Fcategories&post=35613"},{"taxonomy":"post_tag","embeddable":true,"href":"https:\/\/cnctulua.tv\/index.php?rest_route=%2Fwp%2Fv2%2Ftags&post=35613"}],"curies":[{"name":"wp","href":"https:\/\/api.w.org\/{rel}","templated":true}]}}