{"id":35614,"date":"2025-08-01T18:03:54","date_gmt":"2025-08-01T18:03:54","guid":{"rendered":"https:\/\/cnctulua.tv\/?p=35614"},"modified":"2025-08-01T18:03:54","modified_gmt":"2025-08-01T18:03:54","slug":"nueva-sede-de-interpol-en-cali-refuerza-la-seguridad-internacional-en-el-valle-del-cauca","status":"publish","type":"post","link":"https:\/\/cnctulua.tv\/?p=35614","title":{"rendered":"Nueva sede de Interpol en Cali refuerza la seguridad internacional en el Valle del Cauca."},"content":{"rendered":"\n<p>La Polic\u00eda Nacional present\u00f3 oficialmente la nueva oficina de Interpol en el departamento del Valle del Cauca, cuya sede funcionar\u00e1 en Cali. Con esta inauguraci\u00f3n, las capacidades globales de esta organizaci\u00f3n de polic\u00eda criminal estar\u00e1n al servicio de la regi\u00f3n, con el objetivo de prevenir y combatir delitos que traspasan fronteras.<\/p>\n\n\n\n<figure class=\"wp-block-embed is-type-video is-provider-youtube wp-block-embed-youtube wp-embed-aspect-16-9 wp-has-aspect-ratio\"><div class=\"wp-block-embed__wrapper\">\n<iframe loading=\"lazy\" title=\"\ud83d\udc6e\u200d\u2642\ufe0f \u00a1Interpol llega a Cali! As\u00ed refuerzan la lucha contra el multicrimen en el Valle.\" width=\"640\" height=\"360\" src=\"https:\/\/www.youtube.com\/embed\/iyE0dnP0aMA?feature=oembed\" frameborder=\"0\" allow=\"accelerometer; autoplay; clipboard-write; encrypted-media; gyroscope; picture-in-picture; web-share\" referrerpolicy=\"strict-origin-when-cross-origin\" allowfullscreen><\/iframe>\n<\/div><\/figure>\n\n\n\n<p>La sede permitir\u00e1 una conexi\u00f3n directa con la red internacional de Interpol, conformada por 193 pa\u00edses, lo que facilitar\u00e1 el intercambio de informaci\u00f3n en tiempo real y las acciones coordinadas para la captura de delincuentes transnacionales y la desarticulaci\u00f3n de estructuras criminales.<\/p>\n\n\n\n<figure class=\"wp-block-gallery has-nested-images columns-default is-cropped wp-block-gallery-1 is-layout-flex wp-block-gallery-is-layout-flex\">\n<figure class=\"wp-block-image size-large\"><img loading=\"lazy\" decoding=\"async\" width=\"1024\" height=\"576\" data-id=\"35643\" src=\"https:\/\/cnctulua.tv\/wp-content\/uploads\/2025\/08\/SEDE-DE-INTERPOL-2-1-1024x576.jpeg\" alt=\"\" class=\"wp-image-35643\" srcset=\"https:\/\/cnctulua.tv\/wp-content\/uploads\/2025\/08\/SEDE-DE-INTERPOL-2-1-1024x576.jpeg 1024w, https:\/\/cnctulua.tv\/wp-content\/uploads\/2025\/08\/SEDE-DE-INTERPOL-2-1-300x169.jpeg 300w, https:\/\/cnctulua.tv\/wp-content\/uploads\/2025\/08\/SEDE-DE-INTERPOL-2-1-768x432.jpeg 768w, https:\/\/cnctulua.tv\/wp-content\/uploads\/2025\/08\/SEDE-DE-INTERPOL-2-1.jpeg 1280w\" sizes=\"auto, (max-width: 1024px) 100vw, 1024px\" \/><\/figure>\n<\/figure>\n\n\n\n<p>Durante el acto protocolario, el Director General de la Polic\u00eda Nacional, Mayor General Carlos Fernando Triana Beltr\u00e1n, entreg\u00f3 el estandarte de Interpol a la gobernadora del Valle del Cauca y al alcalde de Cali, como s\u00edmbolo del compromiso conjunto por la seguridad en el suroccidente colombiano.<\/p>\n\n\n\n<p>Adem\u00e1s, fue presentado el Bloque de B\u00fasqueda contra el Multicrimen, una estrategia institucional de alto impacto que responde a los recientes atentados ocurridos el 10 de junio en los departamentos de Valle y Cauca. Este bloque est\u00e1 conformado por 613 uniformados especializados, con el despliegue de siete macroplanes operativos para atacar a los grupos armados organizados desde sus finanzas, cabecillas y redes log\u00edsticas.<\/p>\n\n\n\n<p>Durante esta fuerza \u00e9lite, ya se han capturado 92 personas, entre ellas presuntos responsables directos de los atentados, y se ha logrado la incautaci\u00f3n de armas, explosivos y estupefacientes.<\/p>\n\n\n\n<p>La instalaci\u00f3n de esta nueva oficina y el despliegue de esta estrategia refuerzan la presencia institucional en el Valle del Cauca y evidencian un enfoque integral en la lucha contra el crimen organizado, con cooperaci\u00f3n internacional y acciones contundentes desde el territorio.<\/p>\n","protected":false},"excerpt":{"rendered":"<p>La Polic\u00eda Nacional present\u00f3 oficialmente la nueva oficina de Interpol en el departamento del Valle del Cauca, cuya sede funcionar\u00e1 en Cali. Con esta inauguraci\u00f3n, las capacidades globales de esta organizaci\u00f3n de polic\u00eda criminal estar\u00e1n al servicio de la regi\u00f3n, con el objetivo de prevenir y combatir delitos que traspasan fronteras. La sede permitir\u00e1 una [&hellip;]<\/p>\n","protected":false},"author":3,"featured_media":35642,"comment_status":"open","ping_status":"open","sticky":false,"template":"","format":"video","meta":{"footnotes":""},"categories":[10,1515],"tags":[],"class_list":["post-35614","post","type-post","status-publish","format-video","has-post-thumbnail","hentry","category-cnc-noticias-tulua","category-cnc-tulua","post_format-post-format-video"],"_links":{"self":[{"href":"https:\/\/cnctulua.tv\/index.php?rest_route=\/wp\/v2\/posts\/35614","targetHints":{"allow":["GET"]}}],"collection":[{"href":"https:\/\/cnctulua.tv\/index.php?rest_route=\/wp\/v2\/posts"}],"about":[{"href":"https:\/\/cnctulua.tv\/index.php?rest_route=\/wp\/v2\/types\/post"}],"author":[{"embeddable":true,"href":"https:\/\/cnctulua.tv\/index.php?rest_route=\/wp\/v2\/users\/3"}],"replies":[{"embeddable":true,"href":"https:\/\/cnctulua.tv\/index.php?rest_route=%2Fwp%2Fv2%2Fcomments&post=35614"}],"version-history":[{"count":1,"href":"https:\/\/cnctulua.tv\/index.php?rest_route=\/wp\/v2\/posts\/35614\/revisions"}],"predecessor-version":[{"id":35646,"href":"https:\/\/cnctulua.tv\/index.php?rest_route=\/wp\/v2\/posts\/35614\/revisions\/35646"}],"wp:featuredmedia":[{"embeddable":true,"href":"https:\/\/cnctulua.tv\/index.php?rest_route=\/wp\/v2\/media\/35642"}],"wp:attachment":[{"href":"https:\/\/cnctulua.tv\/index.php?rest_route=%2Fwp%2Fv2%2Fmedia&parent=35614"}],"wp:term":[{"taxonomy":"category","embeddable":true,"href":"https:\/\/cnctulua.tv\/index.php?rest_route=%2Fwp%2Fv2%2Fcategories&post=35614"},{"taxonomy":"post_tag","embeddable":true,"href":"https:\/\/cnctulua.tv\/index.php?rest_route=%2Fwp%2Fv2%2Ftags&post=35614"}],"curies":[{"name":"wp","href":"https:\/\/api.w.org\/{rel}","templated":true}]}}