{"id":35655,"date":"2025-08-01T19:03:42","date_gmt":"2025-08-01T19:03:42","guid":{"rendered":"https:\/\/cnctulua.tv\/?p=35655"},"modified":"2025-08-01T19:03:42","modified_gmt":"2025-08-01T19:03:42","slug":"fuerza-publica-avanza-hacia-villacolombia-tras-secuestro-de-militares-en-jamundi","status":"publish","type":"post","link":"https:\/\/cnctulua.tv\/?p=35655","title":{"rendered":"Fuerza p\u00fablica avanza hacia Villacolombia tras secuestro de militares en Jamund\u00ed."},"content":{"rendered":"\n<p>En respuesta a los recientes hechos de alteraci\u00f3n del orden p\u00fablico en zona rural de Jamund\u00ed, donde 150 soldados fueron retenidos ilegalmente, ya se adelanta el despliegue de la fuerza p\u00fablica hacia el corregimiento de Villacolombia. Esta acci\u00f3n hace parte de la denominada Operaci\u00f3n Escudo del Norte, que busca fortalecer el control institucional en territorios afectados por la presencia de grupos armados ilegales.<\/p>\n\n\n\n<figure class=\"wp-block-embed is-type-video is-provider-youtube wp-block-embed-youtube wp-embed-aspect-16-9 wp-has-aspect-ratio\"><div class=\"wp-block-embed__wrapper\">\n<iframe loading=\"lazy\" title=\"Secuestro de militares en Jamund\u00ed: la comunidad exige respuestas.\" width=\"640\" height=\"360\" src=\"https:\/\/www.youtube.com\/embed\/cG38uDJtM04?feature=oembed\" frameborder=\"0\" allow=\"accelerometer; autoplay; clipboard-write; encrypted-media; gyroscope; picture-in-picture; web-share\" referrerpolicy=\"strict-origin-when-cross-origin\" allowfullscreen><\/iframe>\n<\/div><\/figure>\n\n\n\n<p>La mandataria se pronunci\u00f3 luego del incidente que puso en riesgo la vida e integridad de uniformados del Batall\u00f3n de Operaciones Terrestres N.\u00ba 13. Seg\u00fan indic\u00f3, la operaci\u00f3n no se detiene y continuar\u00e1 con el objetivo de garantizar la presencia del Estado en sectores hist\u00f3ricamente vulnerables a la influencia de estructuras armadas.<\/p>\n\n\n\n<figure class=\"wp-block-image size-large\"><img loading=\"lazy\" decoding=\"async\" width=\"1024\" height=\"509\" src=\"https:\/\/cnctulua.tv\/wp-content\/uploads\/2025\/08\/goberna-1024x509.png\" alt=\"\" class=\"wp-image-35663\" srcset=\"https:\/\/cnctulua.tv\/wp-content\/uploads\/2025\/08\/goberna-1024x509.png 1024w, https:\/\/cnctulua.tv\/wp-content\/uploads\/2025\/08\/goberna-300x149.png 300w, https:\/\/cnctulua.tv\/wp-content\/uploads\/2025\/08\/goberna-768x382.png 768w, https:\/\/cnctulua.tv\/wp-content\/uploads\/2025\/08\/goberna.png 1111w\" sizes=\"auto, (max-width: 1024px) 100vw, 1024px\" \/><\/figure>\n\n\n\n<p>\u201cVamos a seguir trabajando. La operaci\u00f3n contin\u00faa porque el objetivo es llegar a Villacolombia y tomarse toda la zona rural de Jamund\u00ed. No podemos permitir que el territorio est\u00e9 bajo el dominio de estructuras ilegales. La institucionalidad y el Ej\u00e9rcito deben ejercer control territorial\u201d, afirm\u00f3 la funcionaria.<\/p>\n\n\n\n<p>La mandataria tambi\u00e9n rechaz\u00f3 categ\u00f3ricamente el secuestro de los militares, se\u00f1alando que detr\u00e1s del hecho estar\u00edan presuntas instrumentalizaciones por parte de la estructura Jaime Mart\u00ednez, perteneciente a las disidencias de las Farc. Indic\u00f3 que se trata de una maniobra que utiliza la coacci\u00f3n sobre la poblaci\u00f3n civil para frenar la presencia estatal.<\/p>\n\n\n\n<p>\u201cFue una manipulaci\u00f3n a los campesinos. Les cobran recursos, los amenazan o los obligan a actuar bajo presi\u00f3n. Est\u00e1n siendo instrumentalizados por intereses armados\u201d, precis\u00f3.<\/p>\n\n\n\n<p>Frente a esta grave vulneraci\u00f3n al Derecho Internacional Humanitario, se anunci\u00f3 que se presentar\u00e1n denuncias formales ante la Fiscal\u00eda General de la Naci\u00f3n y ante organismos internacionales. La decisi\u00f3n busca evitar que estos hechos queden en la impunidad y reiterar el compromiso con el respeto a los derechos humanos y la protecci\u00f3n del personal militar en ejercicio de su deber constitucional.<\/p>\n\n\n\n<p><\/p>\n","protected":false},"excerpt":{"rendered":"<p>En respuesta a los recientes hechos de alteraci\u00f3n del orden p\u00fablico en zona rural de Jamund\u00ed, donde 150 soldados fueron retenidos ilegalmente, ya se adelanta el despliegue de la fuerza p\u00fablica hacia el corregimiento de Villacolombia. Esta acci\u00f3n hace parte de la denominada Operaci\u00f3n Escudo del Norte, que busca fortalecer el control institucional en territorios [&hellip;]<\/p>\n","protected":false},"author":3,"featured_media":35662,"comment_status":"open","ping_status":"open","sticky":false,"template":"","format":"video","meta":{"footnotes":""},"categories":[10,1515],"tags":[],"class_list":["post-35655","post","type-post","status-publish","format-video","has-post-thumbnail","hentry","category-cnc-noticias-tulua","category-cnc-tulua","post_format-post-format-video"],"_links":{"self":[{"href":"https:\/\/cnctulua.tv\/index.php?rest_route=\/wp\/v2\/posts\/35655","targetHints":{"allow":["GET"]}}],"collection":[{"href":"https:\/\/cnctulua.tv\/index.php?rest_route=\/wp\/v2\/posts"}],"about":[{"href":"https:\/\/cnctulua.tv\/index.php?rest_route=\/wp\/v2\/types\/post"}],"author":[{"embeddable":true,"href":"https:\/\/cnctulua.tv\/index.php?rest_route=\/wp\/v2\/users\/3"}],"replies":[{"embeddable":true,"href":"https:\/\/cnctulua.tv\/index.php?rest_route=%2Fwp%2Fv2%2Fcomments&post=35655"}],"version-history":[{"count":1,"href":"https:\/\/cnctulua.tv\/index.php?rest_route=\/wp\/v2\/posts\/35655\/revisions"}],"predecessor-version":[{"id":35664,"href":"https:\/\/cnctulua.tv\/index.php?rest_route=\/wp\/v2\/posts\/35655\/revisions\/35664"}],"wp:featuredmedia":[{"embeddable":true,"href":"https:\/\/cnctulua.tv\/index.php?rest_route=\/wp\/v2\/media\/35662"}],"wp:attachment":[{"href":"https:\/\/cnctulua.tv\/index.php?rest_route=%2Fwp%2Fv2%2Fmedia&parent=35655"}],"wp:term":[{"taxonomy":"category","embeddable":true,"href":"https:\/\/cnctulua.tv\/index.php?rest_route=%2Fwp%2Fv2%2Fcategories&post=35655"},{"taxonomy":"post_tag","embeddable":true,"href":"https:\/\/cnctulua.tv\/index.php?rest_route=%2Fwp%2Fv2%2Ftags&post=35655"}],"curies":[{"name":"wp","href":"https:\/\/api.w.org\/{rel}","templated":true}]}}