{"id":35656,"date":"2025-08-01T19:15:12","date_gmt":"2025-08-01T19:15:12","guid":{"rendered":"https:\/\/cnctulua.tv\/?p=35656"},"modified":"2025-08-01T19:15:12","modified_gmt":"2025-08-01T19:15:12","slug":"se-presento-la-agenda-oficial-del-xi-festival-internacional-de-literatura-oiga-mire-lea","status":"publish","type":"post","link":"https:\/\/cnctulua.tv\/?p=35656","title":{"rendered":"Se present\u00f3 la agenda oficial del XI Festival Internacional de Literatura \u2018Oiga, Mire, Lea\u2019"},"content":{"rendered":"\n<p>Este jueves 1 de agosto se llev\u00f3 a cabo la presentaci\u00f3n oficial de la agenda del XI Festival Internacional de Literatura Oiga, Mire, Lea, en el Domo Museo de la Biblioteca Departamental \u2018Jorge Garc\u00e9s Borrero\u2019. El evento consolida al Valle del Cauca como un referente nacional en la promoci\u00f3n de la lectura y la cultura literaria.<\/p>\n\n\n\n<figure class=\"wp-block-embed is-type-video is-provider-youtube wp-block-embed-youtube wp-embed-aspect-16-9 wp-has-aspect-ratio\"><div class=\"wp-block-embed__wrapper\">\n<iframe loading=\"lazy\" title=\"\ud83d\udcda Valle del Cauca, territorio de letras: arranca el Festival Oiga, Mire, Lea \ud83c\udf99\ufe0f\" width=\"640\" height=\"360\" src=\"https:\/\/www.youtube.com\/embed\/1gLrABU6sgM?feature=oembed\" frameborder=\"0\" allow=\"accelerometer; autoplay; clipboard-write; encrypted-media; gyroscope; picture-in-picture; web-share\" referrerpolicy=\"strict-origin-when-cross-origin\" allowfullscreen><\/iframe>\n<\/div><\/figure>\n\n\n\n<p>En esta edici\u00f3n, el festival contar\u00e1 con la participaci\u00f3n de 12 invitados internacionales y m\u00e1s de 60 autores vallecaucanos, adem\u00e1s de una programaci\u00f3n descentralizada que llegar\u00e1 a siete municipios del departamento.<\/p>\n\n\n\n<p>\u201cEste a\u00f1o vamos con toda. Tendremos 12 invitados internacionales y m\u00e1s de 60 autores vallecaucanos. Todo esto gracias al apoyo institucional que est\u00e1 apost\u00e1ndole a consolidar este evento como el m\u00e1s importante de su tipo en Colombia\u201d, expres\u00f3 Fernando Tamayo, director de la Biblioteca Departamental, durante la rueda de prensa.<\/p>\n\n\n\n<p>El festival, que se desarrollar\u00e1 en diversos escenarios del Valle del Cauca, incluir\u00e1 conversatorios, lanzamientos de libros, talleres, actividades para la primera infancia y presentaciones art\u00edsticas inspiradas en la literatura.<\/p>\n\n\n\n<p>Catalina Villa, coordinadora literaria del evento, resalt\u00f3 el enfoque del festival hacia las nuevas generaciones. \u201cCreemos firmemente que el fomento a la lectura debe comenzar desde la infancia. Por eso, este a\u00f1o tendremos una programaci\u00f3n especial con proyecci\u00f3n de documentales, conciertos infantiles inspirados en la literatura, lectura de cuentos en voz alta \u2014una tradici\u00f3n de la Biblioteca\u2014 y presentaciones de novedades editoriales\u201d, puntualiz\u00f3.<\/p>\n\n\n\n<p>Con esta nueva edici\u00f3n, Oiga, Mire, Lea se posiciona como una plataforma de encuentro entre autores, lectores y comunidades, reafirmando el papel del libro como motor de transformaci\u00f3n social y cultural en el suroccidente colombiano.<\/p>\n","protected":false},"excerpt":{"rendered":"<p>Este jueves 1 de agosto se llev\u00f3 a cabo la presentaci\u00f3n oficial de la agenda del XI Festival Internacional de Literatura Oiga, Mire, Lea, en el Domo Museo de la Biblioteca Departamental \u2018Jorge Garc\u00e9s Borrero\u2019. El evento consolida al Valle del Cauca como un referente nacional en la promoci\u00f3n de la lectura y la cultura [&hellip;]<\/p>\n","protected":false},"author":3,"featured_media":35665,"comment_status":"open","ping_status":"open","sticky":false,"template":"","format":"video","meta":{"footnotes":""},"categories":[10,1515],"tags":[],"class_list":["post-35656","post","type-post","status-publish","format-video","has-post-thumbnail","hentry","category-cnc-noticias-tulua","category-cnc-tulua","post_format-post-format-video"],"_links":{"self":[{"href":"https:\/\/cnctulua.tv\/index.php?rest_route=\/wp\/v2\/posts\/35656","targetHints":{"allow":["GET"]}}],"collection":[{"href":"https:\/\/cnctulua.tv\/index.php?rest_route=\/wp\/v2\/posts"}],"about":[{"href":"https:\/\/cnctulua.tv\/index.php?rest_route=\/wp\/v2\/types\/post"}],"author":[{"embeddable":true,"href":"https:\/\/cnctulua.tv\/index.php?rest_route=\/wp\/v2\/users\/3"}],"replies":[{"embeddable":true,"href":"https:\/\/cnctulua.tv\/index.php?rest_route=%2Fwp%2Fv2%2Fcomments&post=35656"}],"version-history":[{"count":1,"href":"https:\/\/cnctulua.tv\/index.php?rest_route=\/wp\/v2\/posts\/35656\/revisions"}],"predecessor-version":[{"id":35666,"href":"https:\/\/cnctulua.tv\/index.php?rest_route=\/wp\/v2\/posts\/35656\/revisions\/35666"}],"wp:featuredmedia":[{"embeddable":true,"href":"https:\/\/cnctulua.tv\/index.php?rest_route=\/wp\/v2\/media\/35665"}],"wp:attachment":[{"href":"https:\/\/cnctulua.tv\/index.php?rest_route=%2Fwp%2Fv2%2Fmedia&parent=35656"}],"wp:term":[{"taxonomy":"category","embeddable":true,"href":"https:\/\/cnctulua.tv\/index.php?rest_route=%2Fwp%2Fv2%2Fcategories&post=35656"},{"taxonomy":"post_tag","embeddable":true,"href":"https:\/\/cnctulua.tv\/index.php?rest_route=%2Fwp%2Fv2%2Ftags&post=35656"}],"curies":[{"name":"wp","href":"https:\/\/api.w.org\/{rel}","templated":true}]}}