{"id":35681,"date":"2025-08-04T16:35:56","date_gmt":"2025-08-04T16:35:56","guid":{"rendered":"https:\/\/cnctulua.tv\/?p=35681"},"modified":"2025-08-04T16:35:56","modified_gmt":"2025-08-04T16:35:56","slug":"avanza-caracterizacion-de-beneficiarios-de-escuelas-de-familia-estrategia-de-crianza-respetuosa-en-el-valle","status":"publish","type":"post","link":"https:\/\/cnctulua.tv\/?p=35681","title":{"rendered":"Avanza caracterizaci\u00f3n de beneficiarios de Escuelas de Familia, estrategia de crianza respetuosa en el Valle."},"content":{"rendered":"\n<p>Con m\u00e1s de 850 personas caracterizadas en distintos municipios del departamento, la Gobernaci\u00f3n del Valle del Cauca contin\u00faa el proceso de identificaci\u00f3n de familias que podr\u00edan participar en la estrategia Escuelas de Familia, una propuesta enfocada en la promoci\u00f3n de la crianza respetuosa y el fortalecimiento de los v\u00ednculos afectivos en el hogar.<\/p>\n\n\n\n<figure class=\"wp-block-embed is-type-video is-provider-youtube wp-block-embed-youtube wp-embed-aspect-16-9 wp-has-aspect-ratio\"><div class=\"wp-block-embed__wrapper\">\n<iframe loading=\"lazy\" title=\"\ud83d\udc68\u200d\ud83d\udc69\u200d\ud83d\udc67\u200d\ud83d\udc66 Escuelas de Familia: as\u00ed avanza la caracterizaci\u00f3n de hogares en el Valle del Cauca.\" width=\"640\" height=\"360\" src=\"https:\/\/www.youtube.com\/embed\/DzBnDEQqgZA?feature=oembed\" frameborder=\"0\" allow=\"accelerometer; autoplay; clipboard-write; encrypted-media; gyroscope; picture-in-picture; web-share\" referrerpolicy=\"strict-origin-when-cross-origin\" allowfullscreen><\/iframe>\n<\/div><\/figure>\n\n\n\n<p>La iniciativa, liderada por la Secretar\u00eda de Salud del Valle, est\u00e1 orientada a brindar acompa\u00f1amiento a padres y cuidadores que enfrentan dificultades con sus hijos e hijas, especialmente en temas como salud mental, consumo de sustancias, problemas de comunicaci\u00f3n, bullying y conductas disruptivas.<\/p>\n\n\n\n<figure class=\"wp-block-gallery has-nested-images columns-default is-cropped wp-block-gallery-1 is-layout-flex wp-block-gallery-is-layout-flex\">\n<figure class=\"wp-block-image size-large\"><img loading=\"lazy\" decoding=\"async\" width=\"1024\" height=\"682\" data-id=\"35692\" src=\"https:\/\/cnctulua.tv\/wp-content\/uploads\/2025\/08\/ESCUELAS-DE-FAMILIA-CARACTERIZACION-1-1024x682.jpg\" alt=\"\" class=\"wp-image-35692\" srcset=\"https:\/\/cnctulua.tv\/wp-content\/uploads\/2025\/08\/ESCUELAS-DE-FAMILIA-CARACTERIZACION-1-1024x682.jpg 1024w, https:\/\/cnctulua.tv\/wp-content\/uploads\/2025\/08\/ESCUELAS-DE-FAMILIA-CARACTERIZACION-1-300x200.jpg 300w, https:\/\/cnctulua.tv\/wp-content\/uploads\/2025\/08\/ESCUELAS-DE-FAMILIA-CARACTERIZACION-1-768x512.jpg 768w, https:\/\/cnctulua.tv\/wp-content\/uploads\/2025\/08\/ESCUELAS-DE-FAMILIA-CARACTERIZACION-1.jpg 1280w\" sizes=\"auto, (max-width: 1024px) 100vw, 1024px\" \/><\/figure>\n<\/figure>\n\n\n\n<p>\u201cEscuela de Familia es una estrategia de la gobernadora Dilian Francisca Toro, que tiene por objeto ayudar a los padres que tienen dificultades en su familia para manejar los ni\u00f1os y ni\u00f1as, especialmente adolescentes y j\u00f3venes con quienes tenemos comportamientos irregulares, dificultades en la comunicaci\u00f3n, problemas de bullying, de salud mental, de uso de sustancias psic\u00f3logas\u201d, explic\u00f3 la secretaria de Salud, Mar\u00eda Cristina Lesmes.<\/p>\n\n\n\n<p>El objetivo es focalizar la intervenci\u00f3n en aquellas familias donde se han detectado mayores retos, a trav\u00e9s de una caracterizaci\u00f3n detallada que permita implementar cinco m\u00f3dulos de trabajo l\u00fadico. Estos contenidos estar\u00e1n orientados a fortalecer habilidades de comunicaci\u00f3n, brindar informaci\u00f3n y herramientas educativas, y prevenir la violencia intrafamiliar.<\/p>\n\n\n\n<p>\u201cNuestro objetivo es tener una crianza respetuosa, responsable y tener armon\u00eda dentro de las familias y en el departamento de Valle del Cauca\u201d, concluy\u00f3 Lesmes.<\/p>\n","protected":false},"excerpt":{"rendered":"<p>Con m\u00e1s de 850 personas caracterizadas en distintos municipios del departamento, la Gobernaci\u00f3n del Valle del Cauca contin\u00faa el proceso de identificaci\u00f3n de familias que podr\u00edan participar en la estrategia Escuelas de Familia, una propuesta enfocada en la promoci\u00f3n de la crianza respetuosa y el fortalecimiento de los v\u00ednculos afectivos en el hogar. La iniciativa, [&hellip;]<\/p>\n","protected":false},"author":3,"featured_media":35691,"comment_status":"open","ping_status":"open","sticky":false,"template":"","format":"video","meta":{"footnotes":""},"categories":[10,1515],"tags":[],"class_list":["post-35681","post","type-post","status-publish","format-video","has-post-thumbnail","hentry","category-cnc-noticias-tulua","category-cnc-tulua","post_format-post-format-video"],"_links":{"self":[{"href":"https:\/\/cnctulua.tv\/index.php?rest_route=\/wp\/v2\/posts\/35681","targetHints":{"allow":["GET"]}}],"collection":[{"href":"https:\/\/cnctulua.tv\/index.php?rest_route=\/wp\/v2\/posts"}],"about":[{"href":"https:\/\/cnctulua.tv\/index.php?rest_route=\/wp\/v2\/types\/post"}],"author":[{"embeddable":true,"href":"https:\/\/cnctulua.tv\/index.php?rest_route=\/wp\/v2\/users\/3"}],"replies":[{"embeddable":true,"href":"https:\/\/cnctulua.tv\/index.php?rest_route=%2Fwp%2Fv2%2Fcomments&post=35681"}],"version-history":[{"count":1,"href":"https:\/\/cnctulua.tv\/index.php?rest_route=\/wp\/v2\/posts\/35681\/revisions"}],"predecessor-version":[{"id":35694,"href":"https:\/\/cnctulua.tv\/index.php?rest_route=\/wp\/v2\/posts\/35681\/revisions\/35694"}],"wp:featuredmedia":[{"embeddable":true,"href":"https:\/\/cnctulua.tv\/index.php?rest_route=\/wp\/v2\/media\/35691"}],"wp:attachment":[{"href":"https:\/\/cnctulua.tv\/index.php?rest_route=%2Fwp%2Fv2%2Fmedia&parent=35681"}],"wp:term":[{"taxonomy":"category","embeddable":true,"href":"https:\/\/cnctulua.tv\/index.php?rest_route=%2Fwp%2Fv2%2Fcategories&post=35681"},{"taxonomy":"post_tag","embeddable":true,"href":"https:\/\/cnctulua.tv\/index.php?rest_route=%2Fwp%2Fv2%2Ftags&post=35681"}],"curies":[{"name":"wp","href":"https:\/\/api.w.org\/{rel}","templated":true}]}}