{"id":35682,"date":"2025-08-04T17:03:46","date_gmt":"2025-08-04T17:03:46","guid":{"rendered":"https:\/\/cnctulua.tv\/?p=35682"},"modified":"2025-08-04T17:05:13","modified_gmt":"2025-08-04T17:05:13","slug":"tulua-celebra-la-primera-promocion-de-tecnicos-laborales-en-arte","status":"publish","type":"post","link":"https:\/\/cnctulua.tv\/?p=35682","title":{"rendered":"Tulu\u00e1 celebra la primera promoci\u00f3n de t\u00e9cnicos laborales en arte."},"content":{"rendered":"\n<p>27 tulue\u00f1os se graduaron como t\u00e9cnicos laborales por competencias en M\u00fasica, Teatro, Artes Pl\u00e1sticas y Danza, tras culminar 800 horas de formaci\u00f3n en la Escuela Municipal de Artes. Se trata de la primera promoci\u00f3n oficialmente certificada por la Secretar\u00eda de Educaci\u00f3n, lo que marca un avance clave en la consolidaci\u00f3n institucional de la cultura en el municipio.<\/p>\n\n\n\n<figure class=\"wp-block-embed is-type-video is-provider-youtube wp-block-embed-youtube wp-embed-aspect-16-9 wp-has-aspect-ratio\"><div class=\"wp-block-embed__wrapper\">\n<iframe loading=\"lazy\" title=\"\ud83c\udf93\u2728 \u00a1Tulu\u00e1 grad\u00faa su primera promoci\u00f3n de t\u00e9cnicos en artes!\" width=\"640\" height=\"360\" src=\"https:\/\/www.youtube.com\/embed\/kD2cIqR4G04?feature=oembed\" frameborder=\"0\" allow=\"accelerometer; autoplay; clipboard-write; encrypted-media; gyroscope; picture-in-picture; web-share\" referrerpolicy=\"strict-origin-when-cross-origin\" allowfullscreen><\/iframe>\n<\/div><\/figure>\n\n\n\n<p>Durante 15 meses, los estudiantes accedieron gratuitamente a clases con profesionales de distintas disciplinas art\u00edsticas, desarrollando habilidades t\u00e9cnicas y expresivas que ahora podr\u00e1n proyectar en el \u00e1mbito laboral y comunitario.<\/p>\n\n\n\n<figure class=\"wp-block-gallery has-nested-images columns-default is-cropped wp-block-gallery-1 is-layout-flex wp-block-gallery-is-layout-flex\">\n<figure class=\"wp-block-image size-large\"><img loading=\"lazy\" decoding=\"async\" width=\"1024\" height=\"768\" data-id=\"35697\" src=\"https:\/\/cnctulua.tv\/wp-content\/uploads\/2025\/08\/GRADOS-TECNICOS-CULTURA-4-1024x768.jpeg\" alt=\"\" class=\"wp-image-35697\" srcset=\"https:\/\/cnctulua.tv\/wp-content\/uploads\/2025\/08\/GRADOS-TECNICOS-CULTURA-4-1024x768.jpeg 1024w, https:\/\/cnctulua.tv\/wp-content\/uploads\/2025\/08\/GRADOS-TECNICOS-CULTURA-4-300x225.jpeg 300w, https:\/\/cnctulua.tv\/wp-content\/uploads\/2025\/08\/GRADOS-TECNICOS-CULTURA-4-768x576.jpeg 768w, https:\/\/cnctulua.tv\/wp-content\/uploads\/2025\/08\/GRADOS-TECNICOS-CULTURA-4-1536x1152.jpeg 1536w, https:\/\/cnctulua.tv\/wp-content\/uploads\/2025\/08\/GRADOS-TECNICOS-CULTURA-4.jpeg 1600w\" sizes=\"auto, (max-width: 1024px) 100vw, 1024px\" \/><\/figure>\n<\/figure>\n\n\n\n<p>La Escuela Municipal de Artes abre nuevamente sus puertas a nuevos aspirantes. Las inscripciones estar\u00e1n disponibles a partir del 15 de agosto en las p\u00e1ginas de la Alcald\u00eda y la Secretar\u00eda de Cultura. Esta oferta est\u00e1 dirigida a tulue\u00f1os y habitantes de municipios cercanos interesados en la formaci\u00f3n art\u00edstica gratuita, con t\u00edtulo t\u00e9cnico laboral certificado.<\/p>\n","protected":false},"excerpt":{"rendered":"<p>27 tulue\u00f1os se graduaron como t\u00e9cnicos laborales por competencias en M\u00fasica, Teatro, Artes Pl\u00e1sticas y Danza, tras culminar 800 horas de formaci\u00f3n en la Escuela Municipal de Artes. Se trata de la primera promoci\u00f3n oficialmente certificada por la Secretar\u00eda de Educaci\u00f3n, lo que marca un avance clave en la consolidaci\u00f3n institucional de la cultura en [&hellip;]<\/p>\n","protected":false},"author":3,"featured_media":35696,"comment_status":"open","ping_status":"open","sticky":false,"template":"","format":"video","meta":{"footnotes":""},"categories":[10,1515],"tags":[],"class_list":["post-35682","post","type-post","status-publish","format-video","has-post-thumbnail","hentry","category-cnc-noticias-tulua","category-cnc-tulua","post_format-post-format-video"],"_links":{"self":[{"href":"https:\/\/cnctulua.tv\/index.php?rest_route=\/wp\/v2\/posts\/35682","targetHints":{"allow":["GET"]}}],"collection":[{"href":"https:\/\/cnctulua.tv\/index.php?rest_route=\/wp\/v2\/posts"}],"about":[{"href":"https:\/\/cnctulua.tv\/index.php?rest_route=\/wp\/v2\/types\/post"}],"author":[{"embeddable":true,"href":"https:\/\/cnctulua.tv\/index.php?rest_route=\/wp\/v2\/users\/3"}],"replies":[{"embeddable":true,"href":"https:\/\/cnctulua.tv\/index.php?rest_route=%2Fwp%2Fv2%2Fcomments&post=35682"}],"version-history":[{"count":3,"href":"https:\/\/cnctulua.tv\/index.php?rest_route=\/wp\/v2\/posts\/35682\/revisions"}],"predecessor-version":[{"id":35707,"href":"https:\/\/cnctulua.tv\/index.php?rest_route=\/wp\/v2\/posts\/35682\/revisions\/35707"}],"wp:featuredmedia":[{"embeddable":true,"href":"https:\/\/cnctulua.tv\/index.php?rest_route=\/wp\/v2\/media\/35696"}],"wp:attachment":[{"href":"https:\/\/cnctulua.tv\/index.php?rest_route=%2Fwp%2Fv2%2Fmedia&parent=35682"}],"wp:term":[{"taxonomy":"category","embeddable":true,"href":"https:\/\/cnctulua.tv\/index.php?rest_route=%2Fwp%2Fv2%2Fcategories&post=35682"},{"taxonomy":"post_tag","embeddable":true,"href":"https:\/\/cnctulua.tv\/index.php?rest_route=%2Fwp%2Fv2%2Ftags&post=35682"}],"curies":[{"name":"wp","href":"https:\/\/api.w.org\/{rel}","templated":true}]}}