{"id":35699,"date":"2025-08-04T18:22:50","date_gmt":"2025-08-04T18:22:50","guid":{"rendered":"https:\/\/cnctulua.tv\/?p=35699"},"modified":"2025-08-04T18:22:50","modified_gmt":"2025-08-04T18:22:50","slug":"tulua-aplica-nuevo-enfoque-para-caracterizar-a-habitantes-de-calle","status":"publish","type":"post","link":"https:\/\/cnctulua.tv\/?p=35699","title":{"rendered":"Tulu\u00e1 aplica nuevo enfoque para caracterizar a habitantes de calle."},"content":{"rendered":"\n<p>La administraci\u00f3n municipal de Tulu\u00e1 avanza en la implementaci\u00f3n de un modelo de atenci\u00f3n integral para los habitantes de calle. A trav\u00e9s de operativos liderados por la Secretar\u00eda de Gobierno, se realiza la caracterizaci\u00f3n de esta poblaci\u00f3n, con el objetivo de dise\u00f1ar rutas de atenci\u00f3n que respondan a sus necesidades reales y garanticen sus derechos fundamentales.<\/p>\n\n\n\n<figure class=\"wp-block-embed is-type-video is-provider-youtube wp-block-embed-youtube wp-embed-aspect-16-9 wp-has-aspect-ratio\"><div class=\"wp-block-embed__wrapper\">\n<iframe loading=\"lazy\" title=\"\ud83e\uddd1\u200d\u2695\ufe0f\ud83c\udfd9\ufe0f En Tulu\u00e1, se realiza caracterizaci\u00f3n de habitantes de calle para brindar atenci\u00f3n integral.\" width=\"640\" height=\"360\" src=\"https:\/\/www.youtube.com\/embed\/OhQ_E53mY14?feature=oembed\" frameborder=\"0\" allow=\"accelerometer; autoplay; clipboard-write; encrypted-media; gyroscope; picture-in-picture; web-share\" referrerpolicy=\"strict-origin-when-cross-origin\" allowfullscreen><\/iframe>\n<\/div><\/figure>\n\n\n\n<p>Estos procedimientos incluyen valoraci\u00f3n m\u00e9dica, verificaci\u00f3n de identidad y canalizaci\u00f3n hacia servicios institucionales, superando la l\u00f3gica del asistencialismo que tradicionalmente ha primado. Adem\u00e1s, se articulan acciones frente a fen\u00f3menos como el consumo de sustancias psicoactivas, la presencia de estructuras de microtr\u00e1fico y la ocupaci\u00f3n del espacio p\u00fablico.<\/p>\n\n\n\n<figure class=\"wp-block-gallery has-nested-images columns-default is-cropped wp-block-gallery-1 is-layout-flex wp-block-gallery-is-layout-flex\">\n<figure class=\"wp-block-image size-large\"><img loading=\"lazy\" decoding=\"async\" width=\"604\" height=\"488\" data-id=\"35719\" src=\"https:\/\/cnctulua.tv\/wp-content\/uploads\/2025\/08\/p-y-p-ssss.png\" alt=\"\" class=\"wp-image-35719\" srcset=\"https:\/\/cnctulua.tv\/wp-content\/uploads\/2025\/08\/p-y-p-ssss.png 604w, https:\/\/cnctulua.tv\/wp-content\/uploads\/2025\/08\/p-y-p-ssss-300x242.png 300w\" sizes=\"auto, (max-width: 604px) 100vw, 604px\" \/><\/figure>\n<\/figure>\n\n\n\n<p>Desde la administraci\u00f3n se insiste en que este abordaje no es aislado, sino que hace parte de una pol\u00edtica p\u00fablica m\u00e1s amplia orientada a transformar las condiciones sociales de las personas en situaci\u00f3n de vulnerabilidad. Las jornadas se desarrollan en diferentes sectores priorizados del municipio, y cuentan con el acompa\u00f1amiento de organismos de salud, bienestar y seguridad.<\/p>\n","protected":false},"excerpt":{"rendered":"<p>La administraci\u00f3n municipal de Tulu\u00e1 avanza en la implementaci\u00f3n de un modelo de atenci\u00f3n integral para los habitantes de calle. A trav\u00e9s de operativos liderados por la Secretar\u00eda de Gobierno, se realiza la caracterizaci\u00f3n de esta poblaci\u00f3n, con el objetivo de dise\u00f1ar rutas de atenci\u00f3n que respondan a sus necesidades reales y garanticen sus derechos [&hellip;]<\/p>\n","protected":false},"author":3,"featured_media":35718,"comment_status":"open","ping_status":"open","sticky":false,"template":"","format":"video","meta":{"footnotes":""},"categories":[10,1515],"tags":[],"class_list":["post-35699","post","type-post","status-publish","format-video","has-post-thumbnail","hentry","category-cnc-noticias-tulua","category-cnc-tulua","post_format-post-format-video"],"_links":{"self":[{"href":"https:\/\/cnctulua.tv\/index.php?rest_route=\/wp\/v2\/posts\/35699","targetHints":{"allow":["GET"]}}],"collection":[{"href":"https:\/\/cnctulua.tv\/index.php?rest_route=\/wp\/v2\/posts"}],"about":[{"href":"https:\/\/cnctulua.tv\/index.php?rest_route=\/wp\/v2\/types\/post"}],"author":[{"embeddable":true,"href":"https:\/\/cnctulua.tv\/index.php?rest_route=\/wp\/v2\/users\/3"}],"replies":[{"embeddable":true,"href":"https:\/\/cnctulua.tv\/index.php?rest_route=%2Fwp%2Fv2%2Fcomments&post=35699"}],"version-history":[{"count":1,"href":"https:\/\/cnctulua.tv\/index.php?rest_route=\/wp\/v2\/posts\/35699\/revisions"}],"predecessor-version":[{"id":35723,"href":"https:\/\/cnctulua.tv\/index.php?rest_route=\/wp\/v2\/posts\/35699\/revisions\/35723"}],"wp:featuredmedia":[{"embeddable":true,"href":"https:\/\/cnctulua.tv\/index.php?rest_route=\/wp\/v2\/media\/35718"}],"wp:attachment":[{"href":"https:\/\/cnctulua.tv\/index.php?rest_route=%2Fwp%2Fv2%2Fmedia&parent=35699"}],"wp:term":[{"taxonomy":"category","embeddable":true,"href":"https:\/\/cnctulua.tv\/index.php?rest_route=%2Fwp%2Fv2%2Fcategories&post=35699"},{"taxonomy":"post_tag","embeddable":true,"href":"https:\/\/cnctulua.tv\/index.php?rest_route=%2Fwp%2Fv2%2Ftags&post=35699"}],"curies":[{"name":"wp","href":"https:\/\/api.w.org\/{rel}","templated":true}]}}