{"id":35716,"date":"2025-08-04T19:13:29","date_gmt":"2025-08-04T19:13:29","guid":{"rendered":"https:\/\/cnctulua.tv\/?p=35716"},"modified":"2025-08-04T19:13:29","modified_gmt":"2025-08-04T19:13:29","slug":"gobierno-del-valle-reactiva-el-programa-turistico-tour-por-el-paraiso-con-recorridos-gratuitos-desde-cali","status":"publish","type":"post","link":"https:\/\/cnctulua.tv\/?p=35716","title":{"rendered":"Gobierno del Valle reactiva el programa tur\u00edstico \u2018Tour por el Para\u00edso\u2019 con recorridos gratuitos desde Cali."},"content":{"rendered":"\n<p>El Gobierno del Valle del Cauca reactiv\u00f3 el programa de buses tur\u00edsticos \u2018Tour por el Para\u00edso\u2019, una iniciativa que busca promover el turismo regional y dinamizar la econom\u00eda de municipios como Buga, Buenaventura, Calima, Roldanillo y Sevilla.<\/p>\n\n\n\n<figure class=\"wp-block-embed is-type-video is-provider-youtube wp-block-embed-youtube wp-embed-aspect-16-9 wp-has-aspect-ratio\"><div class=\"wp-block-embed__wrapper\">\n<iframe loading=\"lazy\" title=\"\ud83d\ude8d \u00a1De paseo por el Valle!\" width=\"640\" height=\"360\" src=\"https:\/\/www.youtube.com\/embed\/rmdmI56NvlU?feature=oembed\" frameborder=\"0\" allow=\"accelerometer; autoplay; clipboard-write; encrypted-media; gyroscope; picture-in-picture; web-share\" referrerpolicy=\"strict-origin-when-cross-origin\" allowfullscreen><\/iframe>\n<\/div><\/figure>\n\n\n\n<p>La estrategia, impulsada por la Gobernaci\u00f3n a trav\u00e9s de la Secretar\u00eda de Turismo, contempla recorridos en buses tur\u00edsticos gratuitos desde Cali, para que los ciudadanos puedan redescubrir la cultura, la gastronom\u00eda y los paisajes del departamento.<\/p>\n\n\n\n<figure class=\"wp-block-gallery has-nested-images columns-default is-cropped wp-block-gallery-1 is-layout-flex wp-block-gallery-is-layout-flex\">\n<figure class=\"wp-block-image size-large\"><img loading=\"lazy\" decoding=\"async\" width=\"1024\" height=\"525\" data-id=\"35737\" src=\"https:\/\/cnctulua.tv\/wp-content\/uploads\/2025\/08\/1977-A-Sevilla-Valle-del-Cauca-1-1-1024x525.jpg\" alt=\"\" class=\"wp-image-35737\" srcset=\"https:\/\/cnctulua.tv\/wp-content\/uploads\/2025\/08\/1977-A-Sevilla-Valle-del-Cauca-1-1-1024x525.jpg 1024w, https:\/\/cnctulua.tv\/wp-content\/uploads\/2025\/08\/1977-A-Sevilla-Valle-del-Cauca-1-1-300x154.jpg 300w, https:\/\/cnctulua.tv\/wp-content\/uploads\/2025\/08\/1977-A-Sevilla-Valle-del-Cauca-1-1-768x394.jpg 768w, https:\/\/cnctulua.tv\/wp-content\/uploads\/2025\/08\/1977-A-Sevilla-Valle-del-Cauca-1-1.jpg 1150w\" sizes=\"auto, (max-width: 1024px) 100vw, 1024px\" \/><\/figure>\n<\/figure>\n\n\n\n<p>\u201c\u00a1Descubramos juntos el Valle del Cauca! Desde la Gobernaci\u00f3n del Valle los estamos invitando al Tour por el Para\u00edso, un recorrido en buses tur\u00edsticos por nuestros municipios, para disfrutar de su cultura, de su gastronom\u00eda y lo mejor: de la calidez de nuestra gente\u201d, expres\u00f3 la gobernadora Dilian Francisca Toro.<\/p>\n\n\n\n<p>Las reservaciones se podr\u00e1n realizar a partir del 5 de agosto, comunic\u00e1ndose a la l\u00ednea telef\u00f3nica 333 033 44 38, habilitada de martes a viernes entre las 8:00 a. m. y las 6:00 p. m. Cada persona podr\u00e1 separar hasta cuatro cupos por llamada, incluyendo el suyo.<\/p>\n\n\n\n<p>La secretaria de Turismo del Valle, Miyerlandi Torres, destac\u00f3 que esta estrategia busca reforzar el sentido de pertenencia y el desarrollo econ\u00f3mico local: \u201cEl turismo activa la econom\u00eda y sobre todo nos devuelve esa confianza y ese sentido de pertenencia por nuestro Valle del Cauca. Trabajamos y cumplimos\u201d.<\/p>\n\n\n\n<p>La primera salida ser\u00e1 el pr\u00f3ximo 9 de agosto hacia el municipio de Buga, con punto de encuentro en la Plazoleta de San Francisco de Cali, a las 8:00 a. m.<\/p>\n\n\n\n<p>Los recorridos permitir\u00e1n la participaci\u00f3n de ni\u00f1os desde 1 a\u00f1o de edad. Los menores entre 1 y 5 a\u00f1os podr\u00e1n ir cargados. No se permitir\u00e1 el ingreso de animales y se sugiere no llevar alimentos, con el fin de fomentar el consumo en los destinos visitados.<\/p>\n","protected":false},"excerpt":{"rendered":"<p>El Gobierno del Valle del Cauca reactiv\u00f3 el programa de buses tur\u00edsticos \u2018Tour por el Para\u00edso\u2019, una iniciativa que busca promover el turismo regional y dinamizar la econom\u00eda de municipios como Buga, Buenaventura, Calima, Roldanillo y Sevilla. La estrategia, impulsada por la Gobernaci\u00f3n a trav\u00e9s de la Secretar\u00eda de Turismo, contempla recorridos en buses tur\u00edsticos [&hellip;]<\/p>\n","protected":false},"author":3,"featured_media":35736,"comment_status":"open","ping_status":"open","sticky":false,"template":"","format":"video","meta":{"footnotes":""},"categories":[10,1515],"tags":[],"class_list":["post-35716","post","type-post","status-publish","format-video","has-post-thumbnail","hentry","category-cnc-noticias-tulua","category-cnc-tulua","post_format-post-format-video"],"_links":{"self":[{"href":"https:\/\/cnctulua.tv\/index.php?rest_route=\/wp\/v2\/posts\/35716","targetHints":{"allow":["GET"]}}],"collection":[{"href":"https:\/\/cnctulua.tv\/index.php?rest_route=\/wp\/v2\/posts"}],"about":[{"href":"https:\/\/cnctulua.tv\/index.php?rest_route=\/wp\/v2\/types\/post"}],"author":[{"embeddable":true,"href":"https:\/\/cnctulua.tv\/index.php?rest_route=\/wp\/v2\/users\/3"}],"replies":[{"embeddable":true,"href":"https:\/\/cnctulua.tv\/index.php?rest_route=%2Fwp%2Fv2%2Fcomments&post=35716"}],"version-history":[{"count":1,"href":"https:\/\/cnctulua.tv\/index.php?rest_route=\/wp\/v2\/posts\/35716\/revisions"}],"predecessor-version":[{"id":35738,"href":"https:\/\/cnctulua.tv\/index.php?rest_route=\/wp\/v2\/posts\/35716\/revisions\/35738"}],"wp:featuredmedia":[{"embeddable":true,"href":"https:\/\/cnctulua.tv\/index.php?rest_route=\/wp\/v2\/media\/35736"}],"wp:attachment":[{"href":"https:\/\/cnctulua.tv\/index.php?rest_route=%2Fwp%2Fv2%2Fmedia&parent=35716"}],"wp:term":[{"taxonomy":"category","embeddable":true,"href":"https:\/\/cnctulua.tv\/index.php?rest_route=%2Fwp%2Fv2%2Fcategories&post=35716"},{"taxonomy":"post_tag","embeddable":true,"href":"https:\/\/cnctulua.tv\/index.php?rest_route=%2Fwp%2Fv2%2Ftags&post=35716"}],"curies":[{"name":"wp","href":"https:\/\/api.w.org\/{rel}","templated":true}]}}