{"id":35767,"date":"2025-08-06T15:31:23","date_gmt":"2025-08-06T15:31:23","guid":{"rendered":"https:\/\/cnctulua.tv\/?p=35767"},"modified":"2025-08-06T15:31:23","modified_gmt":"2025-08-06T15:31:23","slug":"mas-de-150-personas-participaron-en-jornada-descentralizada-de-salud-y-servicios-sociales-en-la-balastrera","status":"publish","type":"post","link":"https:\/\/cnctulua.tv\/?p=35767","title":{"rendered":"M\u00e1s de 150 personas participaron en jornada descentralizada de salud y servicios sociales en La Balastrera."},"content":{"rendered":"\n<p>Con el objetivo de fortalecer el acceso a la oferta institucional en zonas rurales y \u00e9tnicas del municipio, la Alcald\u00eda de Tulu\u00e1 realiz\u00f3 una jornada descentralizada en el sector de La Balastrera, que cont\u00f3 con la participaci\u00f3n de m\u00e1s de 150 personas, entre ellas miembros de las comunidades ind\u00edgenas Sonsundr\u00faa y Somboricua.<\/p>\n\n\n\n<figure class=\"wp-block-embed is-type-video is-provider-youtube wp-block-embed-youtube wp-embed-aspect-16-9 wp-has-aspect-ratio\"><div class=\"wp-block-embed__wrapper\">\n<iframe loading=\"lazy\" title=\"\ud83c\udfde\ufe0f En Tulu\u00e1: \u00a1Atenci\u00f3n directa en el territorio!\" width=\"640\" height=\"360\" src=\"https:\/\/www.youtube.com\/embed\/cdQC4fj8Ea4?feature=oembed\" frameborder=\"0\" allow=\"accelerometer; autoplay; clipboard-write; encrypted-media; gyroscope; picture-in-picture; web-share\" referrerpolicy=\"strict-origin-when-cross-origin\" allowfullscreen><\/iframe>\n<\/div><\/figure>\n\n\n\n<p>Durante la jornada, los asistentes accedieron a servicios de atenci\u00f3n primaria en salud (APS), actualizaci\u00f3n del Sisb\u00e9n, atenci\u00f3n hospitalaria, primeros auxilios, vacunaci\u00f3n canina y felina, y actividades de intervenci\u00f3n colectiva. Asimismo, se brind\u00f3 orientaci\u00f3n del Instituto Colombiano de Bienestar Familiar y de la Secretar\u00eda de Bienestar Social, con especial \u00e9nfasis en programas dirigidos a la primera infancia.<\/p>\n\n\n\n<figure class=\"wp-block-image size-large\"><img loading=\"lazy\" decoding=\"async\" width=\"768\" height=\"1024\" src=\"https:\/\/cnctulua.tv\/wp-content\/uploads\/2025\/08\/apoyos-JORNADA-DESCENTRALIZADA-BALASTERA-3-768x1024.jpeg\" alt=\"\" class=\"wp-image-35806\" srcset=\"https:\/\/cnctulua.tv\/wp-content\/uploads\/2025\/08\/apoyos-JORNADA-DESCENTRALIZADA-BALASTERA-3-768x1024.jpeg 768w, https:\/\/cnctulua.tv\/wp-content\/uploads\/2025\/08\/apoyos-JORNADA-DESCENTRALIZADA-BALASTERA-3-225x300.jpeg 225w, https:\/\/cnctulua.tv\/wp-content\/uploads\/2025\/08\/apoyos-JORNADA-DESCENTRALIZADA-BALASTERA-3-1152x1536.jpeg 1152w, https:\/\/cnctulua.tv\/wp-content\/uploads\/2025\/08\/apoyos-JORNADA-DESCENTRALIZADA-BALASTERA-3-1536x2048.jpeg 1536w, https:\/\/cnctulua.tv\/wp-content\/uploads\/2025\/08\/apoyos-JORNADA-DESCENTRALIZADA-BALASTERA-3-scaled.jpeg 1920w\" sizes=\"auto, (max-width: 768px) 100vw, 768px\" \/><\/figure>\n\n\n\n<p>Estas actividades ratifican el compromiso de la Administraci\u00f3n Municipal con el bienestar de las comunidades m\u00e1s alejadas del casco urbano, a trav\u00e9s de un trabajo coordinado con entidades del orden local y nacional. La acogida por parte de la comunidad refleja la importancia de acercar los servicios del Estado a todos los rincones del territorio tulue\u00f1o.<\/p>\n","protected":false},"excerpt":{"rendered":"<p>Con el objetivo de fortalecer el acceso a la oferta institucional en zonas rurales y \u00e9tnicas del municipio, la Alcald\u00eda de Tulu\u00e1 realiz\u00f3 una jornada descentralizada en el sector de La Balastrera, que cont\u00f3 con la participaci\u00f3n de m\u00e1s de 150 personas, entre ellas miembros de las comunidades ind\u00edgenas Sonsundr\u00faa y Somboricua. Durante la jornada, [&hellip;]<\/p>\n","protected":false},"author":3,"featured_media":35805,"comment_status":"open","ping_status":"open","sticky":false,"template":"","format":"video","meta":{"footnotes":""},"categories":[10,1515],"tags":[],"class_list":["post-35767","post","type-post","status-publish","format-video","has-post-thumbnail","hentry","category-cnc-noticias-tulua","category-cnc-tulua","post_format-post-format-video"],"_links":{"self":[{"href":"https:\/\/cnctulua.tv\/index.php?rest_route=\/wp\/v2\/posts\/35767","targetHints":{"allow":["GET"]}}],"collection":[{"href":"https:\/\/cnctulua.tv\/index.php?rest_route=\/wp\/v2\/posts"}],"about":[{"href":"https:\/\/cnctulua.tv\/index.php?rest_route=\/wp\/v2\/types\/post"}],"author":[{"embeddable":true,"href":"https:\/\/cnctulua.tv\/index.php?rest_route=\/wp\/v2\/users\/3"}],"replies":[{"embeddable":true,"href":"https:\/\/cnctulua.tv\/index.php?rest_route=%2Fwp%2Fv2%2Fcomments&post=35767"}],"version-history":[{"count":1,"href":"https:\/\/cnctulua.tv\/index.php?rest_route=\/wp\/v2\/posts\/35767\/revisions"}],"predecessor-version":[{"id":35807,"href":"https:\/\/cnctulua.tv\/index.php?rest_route=\/wp\/v2\/posts\/35767\/revisions\/35807"}],"wp:featuredmedia":[{"embeddable":true,"href":"https:\/\/cnctulua.tv\/index.php?rest_route=\/wp\/v2\/media\/35805"}],"wp:attachment":[{"href":"https:\/\/cnctulua.tv\/index.php?rest_route=%2Fwp%2Fv2%2Fmedia&parent=35767"}],"wp:term":[{"taxonomy":"category","embeddable":true,"href":"https:\/\/cnctulua.tv\/index.php?rest_route=%2Fwp%2Fv2%2Fcategories&post=35767"},{"taxonomy":"post_tag","embeddable":true,"href":"https:\/\/cnctulua.tv\/index.php?rest_route=%2Fwp%2Fv2%2Ftags&post=35767"}],"curies":[{"name":"wp","href":"https:\/\/api.w.org\/{rel}","templated":true}]}}