{"id":35771,"date":"2025-08-06T14:56:56","date_gmt":"2025-08-06T14:56:56","guid":{"rendered":"https:\/\/cnctulua.tv\/?p=35771"},"modified":"2025-08-06T14:56:56","modified_gmt":"2025-08-06T14:56:56","slug":"a-la-carcel-presunto-integrante-de-los-5g-por-hurtos-violentos-en-el-centro-de-cali","status":"publish","type":"post","link":"https:\/\/cnctulua.tv\/?p=35771","title":{"rendered":"A la c\u00e1rcel presunto integrante de \u2018Los 5G\u2019 por hurtos violentos en el centro de Cali."},"content":{"rendered":"\n<p>Cali (Valle del Cauca). Un presunto integrante del grupo delincuencial conocido como \u2018Los 5G\u2019 fue enviado a prisi\u00f3n tras ser capturado por la Polic\u00eda en la capital vallecaucana. Seg\u00fan la Fiscal\u00eda, estar\u00eda involucrado en hurtos cometidos en el centro de Cali mediante el uso de armas de fuego para intimidar a sus v\u00edctimas.<\/p>\n\n\n\n<figure class=\"wp-block-embed is-type-video is-provider-youtube wp-block-embed-youtube wp-embed-aspect-16-9 wp-has-aspect-ratio\"><div class=\"wp-block-embed__wrapper\">\n<iframe loading=\"lazy\" title=\"\ud83d\udccd A la c\u00e1rcel presunto integrante de \u2018Los 5G\u2019 en Cali\" width=\"640\" height=\"360\" src=\"https:\/\/www.youtube.com\/embed\/UnA4dcXo2As?feature=oembed\" frameborder=\"0\" allow=\"accelerometer; autoplay; clipboard-write; encrypted-media; gyroscope; picture-in-picture; web-share\" referrerpolicy=\"strict-origin-when-cross-origin\" allowfullscreen><\/iframe>\n<\/div><\/figure>\n\n\n\n<p>La investigaci\u00f3n se\u00f1ala que el grupo vendr\u00eda actuando desde octubre de 2024, principalmente bajo las modalidades de cosquilleo y atraco. La persona capturada habr\u00eda tenido un rol activo como atracador, participando en al menos tres hechos delictivos en los que se emple\u00f3 violencia para despojar a las v\u00edctimas de sus pertenencias.<\/p>\n\n\n\n<p>Durante una de las acciones, ocurrida el 30 de octubre de 2024, se habr\u00eda producido un disparo con arma de fuego para cometer el robo de una cadena.<\/p>\n\n\n\n<p>La Fiscal\u00eda le imput\u00f3 los delitos de concierto para delinquir; receptaci\u00f3n agravada; hurto calificado y agravado; porte ilegal de armas de fuego y porte de estupefacientes. Un juez de control de garant\u00edas dict\u00f3 medida de aseguramiento en centro carcelario.<\/p>\n","protected":false},"excerpt":{"rendered":"<p>Cali (Valle del Cauca). Un presunto integrante del grupo delincuencial conocido como \u2018Los 5G\u2019 fue enviado a prisi\u00f3n tras ser capturado por la Polic\u00eda en la capital vallecaucana. Seg\u00fan la Fiscal\u00eda, estar\u00eda involucrado en hurtos cometidos en el centro de Cali mediante el uso de armas de fuego para intimidar a sus v\u00edctimas. La investigaci\u00f3n [&hellip;]<\/p>\n","protected":false},"author":3,"featured_media":35774,"comment_status":"open","ping_status":"open","sticky":false,"template":"","format":"video","meta":{"footnotes":""},"categories":[10,1515],"tags":[],"class_list":["post-35771","post","type-post","status-publish","format-video","has-post-thumbnail","hentry","category-cnc-noticias-tulua","category-cnc-tulua","post_format-post-format-video"],"_links":{"self":[{"href":"https:\/\/cnctulua.tv\/index.php?rest_route=\/wp\/v2\/posts\/35771","targetHints":{"allow":["GET"]}}],"collection":[{"href":"https:\/\/cnctulua.tv\/index.php?rest_route=\/wp\/v2\/posts"}],"about":[{"href":"https:\/\/cnctulua.tv\/index.php?rest_route=\/wp\/v2\/types\/post"}],"author":[{"embeddable":true,"href":"https:\/\/cnctulua.tv\/index.php?rest_route=\/wp\/v2\/users\/3"}],"replies":[{"embeddable":true,"href":"https:\/\/cnctulua.tv\/index.php?rest_route=%2Fwp%2Fv2%2Fcomments&post=35771"}],"version-history":[{"count":1,"href":"https:\/\/cnctulua.tv\/index.php?rest_route=\/wp\/v2\/posts\/35771\/revisions"}],"predecessor-version":[{"id":35775,"href":"https:\/\/cnctulua.tv\/index.php?rest_route=\/wp\/v2\/posts\/35771\/revisions\/35775"}],"wp:featuredmedia":[{"embeddable":true,"href":"https:\/\/cnctulua.tv\/index.php?rest_route=\/wp\/v2\/media\/35774"}],"wp:attachment":[{"href":"https:\/\/cnctulua.tv\/index.php?rest_route=%2Fwp%2Fv2%2Fmedia&parent=35771"}],"wp:term":[{"taxonomy":"category","embeddable":true,"href":"https:\/\/cnctulua.tv\/index.php?rest_route=%2Fwp%2Fv2%2Fcategories&post=35771"},{"taxonomy":"post_tag","embeddable":true,"href":"https:\/\/cnctulua.tv\/index.php?rest_route=%2Fwp%2Fv2%2Ftags&post=35771"}],"curies":[{"name":"wp","href":"https:\/\/api.w.org\/{rel}","templated":true}]}}