{"id":35772,"date":"2025-08-06T15:33:18","date_gmt":"2025-08-06T15:33:18","guid":{"rendered":"https:\/\/cnctulua.tv\/?p=35772"},"modified":"2025-08-06T15:33:18","modified_gmt":"2025-08-06T15:33:18","slug":"encuentro-comunitario-en-asoagrin-abordo-temas-de-convivencia-y-cuidado-del-entorno-2","status":"publish","type":"post","link":"https:\/\/cnctulua.tv\/?p=35772","title":{"rendered":"Encuentro comunitario en Asoagrin abord\u00f3 temas de convivencia y cuidado del entorno."},"content":{"rendered":"\n<p>La administraci\u00f3n municipal de Tulu\u00e1, a trav\u00e9s de la Secretar\u00eda de Gobierno, llev\u00f3 a cabo un encuentro comunitario por la convivencia en el barrio Asoagrin, como parte de la estrategia de di\u00e1logo directo con los ciudadanos. El espacio cont\u00f3 con la participaci\u00f3n de l\u00edderes del sector, uniformados del Distrito de Polic\u00eda N\u00famero 2, gestores de convivencia y representantes de Derechos Humanos.<\/p>\n\n\n\n<figure class=\"wp-block-embed is-type-video is-provider-youtube wp-block-embed-youtube wp-embed-aspect-16-9 wp-has-aspect-ratio\"><div class=\"wp-block-embed__wrapper\">\n<iframe loading=\"lazy\" title=\"\ud83d\udfe0 Encuentro comunitario por la convivencia en el barrio Asoagrin \ud83d\udfe0\" width=\"640\" height=\"360\" src=\"https:\/\/www.youtube.com\/embed\/Yjyw-M6guPo?feature=oembed\" frameborder=\"0\" allow=\"accelerometer; autoplay; clipboard-write; encrypted-media; gyroscope; picture-in-picture; web-share\" referrerpolicy=\"strict-origin-when-cross-origin\" allowfullscreen><\/iframe>\n<\/div><\/figure>\n\n\n\n<p>Durante la jornada, los asistentes manifestaron preocupaciones relacionadas con el manejo inadecuado de basuras, el uso indebido del parque del barrio, la presencia de estructuras no autorizadas y la falta de articulaci\u00f3n con las autoridades policiales.<\/p>\n\n\n\n<figure class=\"wp-block-image size-large\"><img loading=\"lazy\" decoding=\"async\" width=\"1024\" height=\"576\" src=\"https:\/\/cnctulua.tv\/wp-content\/uploads\/2025\/08\/ENCUENTRO-COMUNITARIO-ASOAGRIN-2-1024x576.png\" alt=\"\" class=\"wp-image-35809\" srcset=\"https:\/\/cnctulua.tv\/wp-content\/uploads\/2025\/08\/ENCUENTRO-COMUNITARIO-ASOAGRIN-2-1024x576.png 1024w, https:\/\/cnctulua.tv\/wp-content\/uploads\/2025\/08\/ENCUENTRO-COMUNITARIO-ASOAGRIN-2-300x169.png 300w, https:\/\/cnctulua.tv\/wp-content\/uploads\/2025\/08\/ENCUENTRO-COMUNITARIO-ASOAGRIN-2-768x432.png 768w, https:\/\/cnctulua.tv\/wp-content\/uploads\/2025\/08\/ENCUENTRO-COMUNITARIO-ASOAGRIN-2-1536x864.png 1536w, https:\/\/cnctulua.tv\/wp-content\/uploads\/2025\/08\/ENCUENTRO-COMUNITARIO-ASOAGRIN-2.png 1920w\" sizes=\"auto, (max-width: 1024px) 100vw, 1024px\" \/><\/figure>\n\n\n\n<p>\u201cEl intendente de la Polic\u00eda Comunitaria pregunt\u00f3 qui\u00e9n ten\u00eda el n\u00famero de contacto y nadie lo ten\u00eda. Se entregaron los n\u00fameros de los cuadrantes, lo que es muy importante para mejorar la articulaci\u00f3n con la comunidad\u201d, explic\u00f3 el secretario de Gobierno, Jos\u00e9 Mart\u00edn Hincapi\u00e9 \u00c1lvarez.<\/p>\n\n\n\n<p>Uno de los temas centrales fue el papel de la convivencia como eje del desarrollo. \u201cDesde la administraci\u00f3n municipal hemos priorizado que el tema de la convivencia es fundamental. Puede haber buena infraestructura, pero sin convivencia es dif\u00edcil avanzar\u201d, agreg\u00f3 el funcionario.<\/p>\n\n\n\n<p>En el encuentro se asumieron compromisos como el embellecimiento del parque del sector con apoyo de la empresa privada, una campa\u00f1a pedag\u00f3gica sobre manejo de residuos, intervenciones en bienestar animal y la validaci\u00f3n de zonas seguras para reforzar la seguridad barrial.<\/p>\n\n\n\n<p>Los encuentros comunitarios por la convivencia seguir\u00e1n replic\u00e1ndose en diferentes sectores de la ciudad, como una herramienta para construir confianza entre comunidad, autoridades y administraci\u00f3n municipal.<\/p>\n","protected":false},"excerpt":{"rendered":"<p>La administraci\u00f3n municipal de Tulu\u00e1, a trav\u00e9s de la Secretar\u00eda de Gobierno, llev\u00f3 a cabo un encuentro comunitario por la convivencia en el barrio Asoagrin, como parte de la estrategia de di\u00e1logo directo con los ciudadanos. El espacio cont\u00f3 con la participaci\u00f3n de l\u00edderes del sector, uniformados del Distrito de Polic\u00eda N\u00famero 2, gestores de [&hellip;]<\/p>\n","protected":false},"author":3,"featured_media":35808,"comment_status":"open","ping_status":"open","sticky":false,"template":"","format":"video","meta":{"footnotes":""},"categories":[1],"tags":[],"class_list":["post-35772","post","type-post","status-publish","format-video","has-post-thumbnail","hentry","category-uncategorized","post_format-post-format-video"],"_links":{"self":[{"href":"https:\/\/cnctulua.tv\/index.php?rest_route=\/wp\/v2\/posts\/35772","targetHints":{"allow":["GET"]}}],"collection":[{"href":"https:\/\/cnctulua.tv\/index.php?rest_route=\/wp\/v2\/posts"}],"about":[{"href":"https:\/\/cnctulua.tv\/index.php?rest_route=\/wp\/v2\/types\/post"}],"author":[{"embeddable":true,"href":"https:\/\/cnctulua.tv\/index.php?rest_route=\/wp\/v2\/users\/3"}],"replies":[{"embeddable":true,"href":"https:\/\/cnctulua.tv\/index.php?rest_route=%2Fwp%2Fv2%2Fcomments&post=35772"}],"version-history":[{"count":1,"href":"https:\/\/cnctulua.tv\/index.php?rest_route=\/wp\/v2\/posts\/35772\/revisions"}],"predecessor-version":[{"id":35810,"href":"https:\/\/cnctulua.tv\/index.php?rest_route=\/wp\/v2\/posts\/35772\/revisions\/35810"}],"wp:featuredmedia":[{"embeddable":true,"href":"https:\/\/cnctulua.tv\/index.php?rest_route=\/wp\/v2\/media\/35808"}],"wp:attachment":[{"href":"https:\/\/cnctulua.tv\/index.php?rest_route=%2Fwp%2Fv2%2Fmedia&parent=35772"}],"wp:term":[{"taxonomy":"category","embeddable":true,"href":"https:\/\/cnctulua.tv\/index.php?rest_route=%2Fwp%2Fv2%2Fcategories&post=35772"},{"taxonomy":"post_tag","embeddable":true,"href":"https:\/\/cnctulua.tv\/index.php?rest_route=%2Fwp%2Fv2%2Ftags&post=35772"}],"curies":[{"name":"wp","href":"https:\/\/api.w.org\/{rel}","templated":true}]}}