{"id":35800,"date":"2025-08-06T15:27:34","date_gmt":"2025-08-06T15:27:34","guid":{"rendered":"https:\/\/cnctulua.tv\/?p=35800"},"modified":"2025-08-06T15:27:45","modified_gmt":"2025-08-06T15:27:45","slug":"concejo-de-tulua-respalda-construccion-del-cdi-mar-de-ideas","status":"publish","type":"post","link":"https:\/\/cnctulua.tv\/?p=35800","title":{"rendered":"Concejo de Tulu\u00e1 respalda construcci\u00f3n del CDI \u201cMar de Ideas\u201d"},"content":{"rendered":"\n<p>Durante la m\u00e1s reciente sesi\u00f3n ordinaria, el Concejo Municipal de Tulu\u00e1 expres\u00f3 su respaldo al alcalde Gustavo V\u00e9lez para avanzar en la construcci\u00f3n del Centro de Desarrollo Infantil (CDI) \u201cMar de Ideas\u201d, una obra que beneficiar\u00e1 a m\u00e1s de 500 ni\u00f1os y ni\u00f1as de los barrios San Antonio, La Inmaculada, Aguaclara, San Francisco y sectores cercanos.<\/p>\n\n\n\n<figure class=\"wp-block-embed is-type-video is-provider-youtube wp-block-embed-youtube wp-embed-aspect-16-9 wp-has-aspect-ratio\"><div class=\"wp-block-embed__wrapper\">\n<iframe loading=\"lazy\" title=\"\ud83d\udc76\ud83c\udffc \u00a1Buenas noticias para la infancia tulue\u00f1a!\" width=\"640\" height=\"360\" src=\"https:\/\/www.youtube.com\/embed\/gd-YXG0saJU?feature=oembed\" frameborder=\"0\" allow=\"accelerometer; autoplay; clipboard-write; encrypted-media; gyroscope; picture-in-picture; web-share\" referrerpolicy=\"strict-origin-when-cross-origin\" allowfullscreen><\/iframe>\n<\/div><\/figure>\n\n\n\n<p>Este nuevo espacio estar\u00e1 orientado al cuidado, educaci\u00f3n y desarrollo integral de la primera infancia, y representa un paso fundamental dentro de la pol\u00edtica p\u00fablica de bienestar social que lidera la actual Administraci\u00f3n Municipal.<\/p>\n\n\n\n<p>El alcalde Gustavo Adolfo V\u00e9lez Rom\u00e1n agradeci\u00f3 el voto de confianza de los concejales y destac\u00f3 el valor del trabajo articulado: \u201cAgradezco profundamente a los concejales por el compromiso que demuestran con los tulue\u00f1os y por el respaldo a nuestra administraci\u00f3n. El trabajo articulado ha sido clave para avanzar en proyectos que realmente transforman e impactan la calidad de vida de nuestra gente\u201d, expres\u00f3 el mandatario local.<\/p>\n\n\n\n<p>El CDI \u201cMar de Ideas\u201d se proyecta como un espacio seguro y acogedor donde los ni\u00f1os y ni\u00f1as podr\u00e1n recibir atenci\u00f3n de calidad en sus primeros a\u00f1os de vida, contribuyendo a cerrar brechas desde la infancia y garantizar condiciones de equidad desde el territorio.<\/p>\n","protected":false},"excerpt":{"rendered":"<p>Durante la m\u00e1s reciente sesi\u00f3n ordinaria, el Concejo Municipal de Tulu\u00e1 expres\u00f3 su respaldo al alcalde Gustavo V\u00e9lez para avanzar en la construcci\u00f3n del Centro de Desarrollo Infantil (CDI) \u201cMar de Ideas\u201d, una obra que beneficiar\u00e1 a m\u00e1s de 500 ni\u00f1os y ni\u00f1as de los barrios San Antonio, La Inmaculada, Aguaclara, San Francisco y sectores [&hellip;]<\/p>\n","protected":false},"author":3,"featured_media":35801,"comment_status":"open","ping_status":"open","sticky":false,"template":"","format":"video","meta":{"footnotes":""},"categories":[10,1515],"tags":[],"class_list":["post-35800","post","type-post","status-publish","format-video","has-post-thumbnail","hentry","category-cnc-noticias-tulua","category-cnc-tulua","post_format-post-format-video"],"_links":{"self":[{"href":"https:\/\/cnctulua.tv\/index.php?rest_route=\/wp\/v2\/posts\/35800","targetHints":{"allow":["GET"]}}],"collection":[{"href":"https:\/\/cnctulua.tv\/index.php?rest_route=\/wp\/v2\/posts"}],"about":[{"href":"https:\/\/cnctulua.tv\/index.php?rest_route=\/wp\/v2\/types\/post"}],"author":[{"embeddable":true,"href":"https:\/\/cnctulua.tv\/index.php?rest_route=\/wp\/v2\/users\/3"}],"replies":[{"embeddable":true,"href":"https:\/\/cnctulua.tv\/index.php?rest_route=%2Fwp%2Fv2%2Fcomments&post=35800"}],"version-history":[{"count":2,"href":"https:\/\/cnctulua.tv\/index.php?rest_route=\/wp\/v2\/posts\/35800\/revisions"}],"predecessor-version":[{"id":35803,"href":"https:\/\/cnctulua.tv\/index.php?rest_route=\/wp\/v2\/posts\/35800\/revisions\/35803"}],"wp:featuredmedia":[{"embeddable":true,"href":"https:\/\/cnctulua.tv\/index.php?rest_route=\/wp\/v2\/media\/35801"}],"wp:attachment":[{"href":"https:\/\/cnctulua.tv\/index.php?rest_route=%2Fwp%2Fv2%2Fmedia&parent=35800"}],"wp:term":[{"taxonomy":"category","embeddable":true,"href":"https:\/\/cnctulua.tv\/index.php?rest_route=%2Fwp%2Fv2%2Fcategories&post=35800"},{"taxonomy":"post_tag","embeddable":true,"href":"https:\/\/cnctulua.tv\/index.php?rest_route=%2Fwp%2Fv2%2Ftags&post=35800"}],"curies":[{"name":"wp","href":"https:\/\/api.w.org\/{rel}","templated":true}]}}