{"id":35812,"date":"2025-08-06T16:05:13","date_gmt":"2025-08-06T16:05:13","guid":{"rendered":"https:\/\/cnctulua.tv\/?p=35812"},"modified":"2025-08-06T16:05:13","modified_gmt":"2025-08-06T16:05:13","slug":"mas-de-21-000-vallecaucanos-han-sido-capacitados-con-el-proyecto-de-educacion-ambiental-comunitaria","status":"publish","type":"post","link":"https:\/\/cnctulua.tv\/?p=35812","title":{"rendered":"M\u00e1s de 21.000 vallecaucanos han sido capacitados con el Proyecto de Educaci\u00f3n Ambiental Comunitaria."},"content":{"rendered":"\n<p>El compromiso con la sostenibilidad sigue creciendo en el Valle del Cauca gracias al Proyecto de Educaci\u00f3n Ambiental Comunitaria que impulsa la Gobernaci\u00f3n del Valle, liderado por la Secretar\u00eda de Ambiente y Desarrollo Sostenible a trav\u00e9s del INCIVA. Esta estrategia ha capacitado a 21.977 personas y desarrollado m\u00e1s de 1.200 acciones en diversos municipios del departamento.<\/p>\n\n\n\n<figure class=\"wp-block-embed is-type-video is-provider-youtube wp-block-embed-youtube wp-embed-aspect-16-9 wp-has-aspect-ratio\"><div class=\"wp-block-embed__wrapper\">\n<iframe loading=\"lazy\" title=\"M\u00e1s de 21 mil vallecaucanos formados en conciencia ambiental \u267b\ufe0f\ud83c\udf3f\" width=\"640\" height=\"360\" src=\"https:\/\/www.youtube.com\/embed\/SpljEfQd87I?feature=oembed\" frameborder=\"0\" allow=\"accelerometer; autoplay; clipboard-write; encrypted-media; gyroscope; picture-in-picture; web-share\" referrerpolicy=\"strict-origin-when-cross-origin\" allowfullscreen><\/iframe>\n<\/div><\/figure>\n\n\n\n<p>\u201cEstos procesos han llegado a diversos p\u00fablicos, fomentando espacios de aprendizaje y reflexi\u00f3n sobre el cuidado del entorno. Esto ha permitido capacitar a un total de 21.977 personas, fortaleciendo sus conocimientos y habilidades para convertirse en agentes de cambio en sus comunidades\u201d, indic\u00f3 Emily Vanessa V\u00e9lez \u00c1vila, directora del INCIVA.<\/p>\n\n\n\n<figure class=\"wp-block-image size-large\"><img loading=\"lazy\" decoding=\"async\" width=\"1024\" height=\"682\" src=\"https:\/\/cnctulua.tv\/wp-content\/uploads\/2025\/08\/apoyos-EDUCACION-AMBIENTAL-3-1024x682.jpeg\" alt=\"\" class=\"wp-image-35819\" srcset=\"https:\/\/cnctulua.tv\/wp-content\/uploads\/2025\/08\/apoyos-EDUCACION-AMBIENTAL-3-1024x682.jpeg 1024w, https:\/\/cnctulua.tv\/wp-content\/uploads\/2025\/08\/apoyos-EDUCACION-AMBIENTAL-3-300x200.jpeg 300w, https:\/\/cnctulua.tv\/wp-content\/uploads\/2025\/08\/apoyos-EDUCACION-AMBIENTAL-3-768x512.jpeg 768w, https:\/\/cnctulua.tv\/wp-content\/uploads\/2025\/08\/apoyos-EDUCACION-AMBIENTAL-3-1536x1023.jpeg 1536w, https:\/\/cnctulua.tv\/wp-content\/uploads\/2025\/08\/apoyos-EDUCACION-AMBIENTAL-3.jpeg 1600w\" sizes=\"auto, (max-width: 1024px) 100vw, 1024px\" \/><\/figure>\n\n\n\n<p>El proyecto ha tenido un impacto amplio tanto en zonas urbanas como rurales, alcanzando a un 77 % de participantes en \u00e1reas urbanas y 23 % en rurales. Tambi\u00e9n ha logrado una participaci\u00f3n diversa: 55 % mujeres, 44 % hombres y 1 % de otras identidades de g\u00e9nero, as\u00ed como 55 % adultos y 45 % ni\u00f1os, ni\u00f1as y adolescentes.<\/p>\n\n\n\n<p>Las alianzas han sido clave para el desarrollo del programa, que trabaja junto a m\u00e1s de 100 instituciones educativas, 40 Centros del Adulto Mayor, 60 escuelas deportivas y m\u00e1s de 30 colectivos comunitarios.<\/p>\n\n\n\n<p>\u201cEl trabajo de la mano con estos actores ha sido fundamental, ya que son el motor del cambio desde la base social. Se promueve la educaci\u00f3n ambiental desde la escuela, el deporte, la experiencia y el liderazgo comunitario\u201d, a\u00f1adi\u00f3 V\u00e9lez \u00c1vila.<\/p>\n\n\n\n<p>Este proyecto representa una herramienta clave para fortalecer la conciencia ambiental y generar transformaci\u00f3n social desde las comunidades del Valle del Cauca.<\/p>\n","protected":false},"excerpt":{"rendered":"<p>El compromiso con la sostenibilidad sigue creciendo en el Valle del Cauca gracias al Proyecto de Educaci\u00f3n Ambiental Comunitaria que impulsa la Gobernaci\u00f3n del Valle, liderado por la Secretar\u00eda de Ambiente y Desarrollo Sostenible a trav\u00e9s del INCIVA. Esta estrategia ha capacitado a 21.977 personas y desarrollado m\u00e1s de 1.200 acciones en diversos municipios del [&hellip;]<\/p>\n","protected":false},"author":3,"featured_media":35818,"comment_status":"open","ping_status":"open","sticky":false,"template":"","format":"video","meta":{"footnotes":""},"categories":[10,1515],"tags":[],"class_list":["post-35812","post","type-post","status-publish","format-video","has-post-thumbnail","hentry","category-cnc-noticias-tulua","category-cnc-tulua","post_format-post-format-video"],"_links":{"self":[{"href":"https:\/\/cnctulua.tv\/index.php?rest_route=\/wp\/v2\/posts\/35812","targetHints":{"allow":["GET"]}}],"collection":[{"href":"https:\/\/cnctulua.tv\/index.php?rest_route=\/wp\/v2\/posts"}],"about":[{"href":"https:\/\/cnctulua.tv\/index.php?rest_route=\/wp\/v2\/types\/post"}],"author":[{"embeddable":true,"href":"https:\/\/cnctulua.tv\/index.php?rest_route=\/wp\/v2\/users\/3"}],"replies":[{"embeddable":true,"href":"https:\/\/cnctulua.tv\/index.php?rest_route=%2Fwp%2Fv2%2Fcomments&post=35812"}],"version-history":[{"count":1,"href":"https:\/\/cnctulua.tv\/index.php?rest_route=\/wp\/v2\/posts\/35812\/revisions"}],"predecessor-version":[{"id":35823,"href":"https:\/\/cnctulua.tv\/index.php?rest_route=\/wp\/v2\/posts\/35812\/revisions\/35823"}],"wp:featuredmedia":[{"embeddable":true,"href":"https:\/\/cnctulua.tv\/index.php?rest_route=\/wp\/v2\/media\/35818"}],"wp:attachment":[{"href":"https:\/\/cnctulua.tv\/index.php?rest_route=%2Fwp%2Fv2%2Fmedia&parent=35812"}],"wp:term":[{"taxonomy":"category","embeddable":true,"href":"https:\/\/cnctulua.tv\/index.php?rest_route=%2Fwp%2Fv2%2Fcategories&post=35812"},{"taxonomy":"post_tag","embeddable":true,"href":"https:\/\/cnctulua.tv\/index.php?rest_route=%2Fwp%2Fv2%2Ftags&post=35812"}],"curies":[{"name":"wp","href":"https:\/\/api.w.org\/{rel}","templated":true}]}}