{"id":35814,"date":"2025-08-06T16:18:04","date_gmt":"2025-08-06T16:18:04","guid":{"rendered":"https:\/\/cnctulua.tv\/?p=35814"},"modified":"2025-08-06T16:18:04","modified_gmt":"2025-08-06T16:18:04","slug":"800-lideres-comunitarios-fueron-formados-como-promotores-del-uso-responsable-del-agua-en-jamundi-y-pradera","status":"publish","type":"post","link":"https:\/\/cnctulua.tv\/?p=35814","title":{"rendered":"800 l\u00edderes comunitarios fueron formados como promotores del uso responsable del agua en Jamund\u00ed y Pradera."},"content":{"rendered":"\n<p>Un total de 800 l\u00edderes comunitarios de Jamund\u00ed y Pradera fueron certificados como promotores del uso responsable del agua y del saneamiento b\u00e1sico, como parte de una estrategia que fortalece la participaci\u00f3n ciudadana en la gesti\u00f3n del recurso h\u00eddrico.<\/p>\n\n\n\n<figure class=\"wp-block-embed is-type-video is-provider-youtube wp-block-embed-youtube wp-embed-aspect-16-9 wp-has-aspect-ratio\"><div class=\"wp-block-embed__wrapper\">\n<iframe loading=\"lazy\" title=\"\ud83d\udca7 Formaci\u00f3n ciudadana por el agua en Jamund\u00ed y Pradera.\" width=\"640\" height=\"360\" src=\"https:\/\/www.youtube.com\/embed\/TUxCP6paRaI?feature=oembed\" frameborder=\"0\" allow=\"accelerometer; autoplay; clipboard-write; encrypted-media; gyroscope; picture-in-picture; web-share\" referrerpolicy=\"strict-origin-when-cross-origin\" allowfullscreen><\/iframe>\n<\/div><\/figure>\n\n\n\n<p>El proceso fue liderado por Acuavalle, con apoyo del Gobierno del Valle del Cauca, y se centr\u00f3 en brindar herramientas a los usuarios para el ejercicio de sus derechos y deberes frente al acceso al agua potable. Durante la ceremonia de cierre, la gobernadora Dilian Francisca Toro destac\u00f3 la importancia del trabajo articulado entre la comunidad, el sindicato y la administraci\u00f3n de Acuavalle.<\/p>\n\n\n\n<figure class=\"wp-block-image size-large\"><img loading=\"lazy\" decoding=\"async\" width=\"1024\" height=\"683\" src=\"https:\/\/cnctulua.tv\/wp-content\/uploads\/2025\/08\/apoyosCUIDADO-DEL-AGUA-5-1024x683.jpeg\" alt=\"\" class=\"wp-image-35826\" srcset=\"https:\/\/cnctulua.tv\/wp-content\/uploads\/2025\/08\/apoyosCUIDADO-DEL-AGUA-5-1024x683.jpeg 1024w, https:\/\/cnctulua.tv\/wp-content\/uploads\/2025\/08\/apoyosCUIDADO-DEL-AGUA-5-300x200.jpeg 300w, https:\/\/cnctulua.tv\/wp-content\/uploads\/2025\/08\/apoyosCUIDADO-DEL-AGUA-5-768x512.jpeg 768w, https:\/\/cnctulua.tv\/wp-content\/uploads\/2025\/08\/apoyosCUIDADO-DEL-AGUA-5-1536x1024.jpeg 1536w, https:\/\/cnctulua.tv\/wp-content\/uploads\/2025\/08\/apoyosCUIDADO-DEL-AGUA-5-2048x1365.jpeg 2048w\" sizes=\"auto, (max-width: 1024px) 100vw, 1024px\" \/><\/figure>\n\n\n\n<p>Toro record\u00f3 que desde su primer mandato ha promovido la revisi\u00f3n de tarifas ante la Comisi\u00f3n de Regulaci\u00f3n de Agua Potable y Saneamiento B\u00e1sico (CRA), con el fin de evitar alzas excesivas y asegurar un modelo con tarifas sociales, inversiones y sostenibilidad financiera.<\/p>\n\n\n\n<p>Los l\u00edderes comunitarios destacaron el impacto de la formaci\u00f3n recibida. Diana Marcela Guti\u00e9rrez y Lucey Ch\u00e1vez, habitantes de Pradera, coincidieron en que ahora cuentan con m\u00e1s herramientas para liderar procesos ambientales y comunitarios.<\/p>\n","protected":false},"excerpt":{"rendered":"<p>Un total de 800 l\u00edderes comunitarios de Jamund\u00ed y Pradera fueron certificados como promotores del uso responsable del agua y del saneamiento b\u00e1sico, como parte de una estrategia que fortalece la participaci\u00f3n ciudadana en la gesti\u00f3n del recurso h\u00eddrico. El proceso fue liderado por Acuavalle, con apoyo del Gobierno del Valle del Cauca, y se [&hellip;]<\/p>\n","protected":false},"author":3,"featured_media":35825,"comment_status":"open","ping_status":"open","sticky":false,"template":"","format":"video","meta":{"footnotes":""},"categories":[10,1515],"tags":[],"class_list":["post-35814","post","type-post","status-publish","format-video","has-post-thumbnail","hentry","category-cnc-noticias-tulua","category-cnc-tulua","post_format-post-format-video"],"_links":{"self":[{"href":"https:\/\/cnctulua.tv\/index.php?rest_route=\/wp\/v2\/posts\/35814","targetHints":{"allow":["GET"]}}],"collection":[{"href":"https:\/\/cnctulua.tv\/index.php?rest_route=\/wp\/v2\/posts"}],"about":[{"href":"https:\/\/cnctulua.tv\/index.php?rest_route=\/wp\/v2\/types\/post"}],"author":[{"embeddable":true,"href":"https:\/\/cnctulua.tv\/index.php?rest_route=\/wp\/v2\/users\/3"}],"replies":[{"embeddable":true,"href":"https:\/\/cnctulua.tv\/index.php?rest_route=%2Fwp%2Fv2%2Fcomments&post=35814"}],"version-history":[{"count":1,"href":"https:\/\/cnctulua.tv\/index.php?rest_route=\/wp\/v2\/posts\/35814\/revisions"}],"predecessor-version":[{"id":35827,"href":"https:\/\/cnctulua.tv\/index.php?rest_route=\/wp\/v2\/posts\/35814\/revisions\/35827"}],"wp:featuredmedia":[{"embeddable":true,"href":"https:\/\/cnctulua.tv\/index.php?rest_route=\/wp\/v2\/media\/35825"}],"wp:attachment":[{"href":"https:\/\/cnctulua.tv\/index.php?rest_route=%2Fwp%2Fv2%2Fmedia&parent=35814"}],"wp:term":[{"taxonomy":"category","embeddable":true,"href":"https:\/\/cnctulua.tv\/index.php?rest_route=%2Fwp%2Fv2%2Fcategories&post=35814"},{"taxonomy":"post_tag","embeddable":true,"href":"https:\/\/cnctulua.tv\/index.php?rest_route=%2Fwp%2Fv2%2Ftags&post=35814"}],"curies":[{"name":"wp","href":"https:\/\/api.w.org\/{rel}","templated":true}]}}