{"id":35816,"date":"2025-08-06T17:21:01","date_gmt":"2025-08-06T17:21:01","guid":{"rendered":"https:\/\/cnctulua.tv\/?p=35816"},"modified":"2025-08-06T17:21:01","modified_gmt":"2025-08-06T17:21:01","slug":"ruido-la-principal-queja-ciudadana-en-tulua-segun-la-secretaria-de-gobierno","status":"publish","type":"post","link":"https:\/\/cnctulua.tv\/?p=35816","title":{"rendered":"Ruido: la principal queja ciudadana en Tulu\u00e1, seg\u00fan la Secretar\u00eda de Gobierno"},"content":{"rendered":"\n<p>El secretario de Gobierno de Tulu\u00e1, Jos\u00e9 Mart\u00edn Hincapi\u00e9 \u00c1lvarez, confirm\u00f3 que la mayor cantidad de quejas ciudadanas que recibe su dependencia est\u00e1n relacionadas con el ruido, especialmente generado por establecimientos comerciales y tambi\u00e9n por residentes que desconocen los l\u00edmites del respeto vecinal.<\/p>\n\n\n\n<figure class=\"wp-block-embed is-type-video is-provider-youtube wp-block-embed-youtube wp-embed-aspect-16-9 wp-has-aspect-ratio\"><div class=\"wp-block-embed__wrapper\">\n<iframe loading=\"lazy\" title=\"\ud83d\udca7 Formaci\u00f3n ciudadana por el agua en Jamund\u00ed y Pradera.\" width=\"640\" height=\"360\" src=\"https:\/\/www.youtube.com\/embed\/TUxCP6paRaI?feature=oembed\" frameborder=\"0\" allow=\"accelerometer; autoplay; clipboard-write; encrypted-media; gyroscope; picture-in-picture; web-share\" referrerpolicy=\"strict-origin-when-cross-origin\" allowfullscreen><\/iframe>\n<\/div><\/figure>\n\n\n\n<p>\u201cEn Tulu\u00e1, de acuerdo con las estad\u00edsticas del 2024 y lo corrido del 2025, la mayor\u00eda de PQRS que se presentan ante la Secretar\u00eda de Gobierno es por ruido\u201d, asegur\u00f3 Hincapi\u00e9 \u00c1lvarez.<\/p>\n\n\n\n<p>El funcionario aclar\u00f3 que, si bien las personas pueden realizar actividades dentro de sus viviendas, deben tener en cuenta que \u201clos derechos de los dem\u00e1s empiezan donde terminan los m\u00edos\u201d. En ese sentido, recalc\u00f3 que muchas personas, incluso en zonas residenciales, instalan equipos de sonido a alto volumen, afectando el descanso de adultos mayores, trabajadores y estudiantes.<\/p>\n\n\n\n<p>Hincapi\u00e9 tambi\u00e9n mencion\u00f3 un fen\u00f3meno que agrava el problema: los propietarios de negocios no residen en los barrios donde hacen presencia con sus establecimientos, por lo que no asumen las consecuencias del ruido que generan.<\/p>\n\n\n\n<p>\u201cEse es un problema que tenemos en Tulu\u00e1: los de este barrio se van a hacer esc\u00e1ndalo a otro, y eso no puede ser as\u00ed. Yo tengo que respetar si ese no es mi barrio\u201d, indic\u00f3.<\/p>\n\n\n\n<p>Adicionalmente, destac\u00f3 la entrada en vigencia de una nueva ley anti-ruido, la cual permitir\u00e1 actuar con mayor celeridad frente a estas conductas: \u201cYa no es necesario llevar exclusivamente los equipos de medidores; hay otras alternativas y eso permite agilizar los procesos contravencionales\u201d.<\/p>\n\n\n\n<p>La segunda queja m\u00e1s recurrente, seg\u00fan inform\u00f3 el secretario, est\u00e1 relacionada con el uso inadecuado del espacio p\u00fablico.<\/p>\n","protected":false},"excerpt":{"rendered":"<p>El secretario de Gobierno de Tulu\u00e1, Jos\u00e9 Mart\u00edn Hincapi\u00e9 \u00c1lvarez, confirm\u00f3 que la mayor cantidad de quejas ciudadanas que recibe su dependencia est\u00e1n relacionadas con el ruido, especialmente generado por establecimientos comerciales y tambi\u00e9n por residentes que desconocen los l\u00edmites del respeto vecinal. \u201cEn Tulu\u00e1, de acuerdo con las estad\u00edsticas del 2024 y lo corrido [&hellip;]<\/p>\n","protected":false},"author":3,"featured_media":35846,"comment_status":"open","ping_status":"open","sticky":false,"template":"","format":"video","meta":{"footnotes":""},"categories":[10,1515],"tags":[],"class_list":["post-35816","post","type-post","status-publish","format-video","has-post-thumbnail","hentry","category-cnc-noticias-tulua","category-cnc-tulua","post_format-post-format-video"],"_links":{"self":[{"href":"https:\/\/cnctulua.tv\/index.php?rest_route=\/wp\/v2\/posts\/35816","targetHints":{"allow":["GET"]}}],"collection":[{"href":"https:\/\/cnctulua.tv\/index.php?rest_route=\/wp\/v2\/posts"}],"about":[{"href":"https:\/\/cnctulua.tv\/index.php?rest_route=\/wp\/v2\/types\/post"}],"author":[{"embeddable":true,"href":"https:\/\/cnctulua.tv\/index.php?rest_route=\/wp\/v2\/users\/3"}],"replies":[{"embeddable":true,"href":"https:\/\/cnctulua.tv\/index.php?rest_route=%2Fwp%2Fv2%2Fcomments&post=35816"}],"version-history":[{"count":1,"href":"https:\/\/cnctulua.tv\/index.php?rest_route=\/wp\/v2\/posts\/35816\/revisions"}],"predecessor-version":[{"id":35847,"href":"https:\/\/cnctulua.tv\/index.php?rest_route=\/wp\/v2\/posts\/35816\/revisions\/35847"}],"wp:featuredmedia":[{"embeddable":true,"href":"https:\/\/cnctulua.tv\/index.php?rest_route=\/wp\/v2\/media\/35846"}],"wp:attachment":[{"href":"https:\/\/cnctulua.tv\/index.php?rest_route=%2Fwp%2Fv2%2Fmedia&parent=35816"}],"wp:term":[{"taxonomy":"category","embeddable":true,"href":"https:\/\/cnctulua.tv\/index.php?rest_route=%2Fwp%2Fv2%2Fcategories&post=35816"},{"taxonomy":"post_tag","embeddable":true,"href":"https:\/\/cnctulua.tv\/index.php?rest_route=%2Fwp%2Fv2%2Ftags&post=35816"}],"curies":[{"name":"wp","href":"https:\/\/api.w.org\/{rel}","templated":true}]}}