{"id":35829,"date":"2025-08-06T17:08:15","date_gmt":"2025-08-06T17:08:15","guid":{"rendered":"https:\/\/cnctulua.tv\/?p=35829"},"modified":"2025-08-06T17:08:15","modified_gmt":"2025-08-06T17:08:15","slug":"transicion-energetica-en-colegios-publicos-del-valle-gobernacion-firma-acuerdo-con-fenoge","status":"publish","type":"post","link":"https:\/\/cnctulua.tv\/?p=35829","title":{"rendered":"Transici\u00f3n energ\u00e9tica en colegios p\u00fablicos del Valle: Gobernaci\u00f3n firma acuerdo con Fenoge."},"content":{"rendered":"\n<p>En una apuesta por fortalecer la educaci\u00f3n desde una perspectiva ambiental, la Gobernaci\u00f3n del Valle del Cauca firm\u00f3 un acuerdo de entendimiento con el Fondo de Energ\u00edas No Convencionales y Gesti\u00f3n Eficiente de la Energ\u00eda (Fenoge), con el objetivo de implementar sistemas solares fotovoltaicos en instituciones educativas del departamento.<\/p>\n\n\n\n<figure class=\"wp-block-embed is-type-video is-provider-youtube wp-block-embed-youtube wp-embed-aspect-16-9 wp-has-aspect-ratio\"><div class=\"wp-block-embed__wrapper\">\n<iframe loading=\"lazy\" title=\"\ud83d\udcf9 Energ\u00eda solar para colegios del Valle: \u00a1Avanza la transici\u00f3n energ\u00e9tica! \u2600\ufe0f\ud83d\udcda\" width=\"640\" height=\"360\" src=\"https:\/\/www.youtube.com\/embed\/loSevTqf8lg?feature=oembed\" frameborder=\"0\" allow=\"accelerometer; autoplay; clipboard-write; encrypted-media; gyroscope; picture-in-picture; web-share\" referrerpolicy=\"strict-origin-when-cross-origin\" allowfullscreen><\/iframe>\n<\/div><\/figure>\n\n\n\n<p>La gobernadora Dilian Francisca Toro asegur\u00f3 que este convenio permitir\u00e1 conectar inicialmente 35 instituciones, entre urbanas y rurales, y que la Administraci\u00f3n Departamental cofinanciar\u00e1 parte del proyecto. \u201cLo que queremos ahora es poder conectar 35 instituciones entre rurales y urbanas en el convenio con Fenoge y trabajar conjuntamente eso. Es un proceso muy importante\u201d, indic\u00f3.<\/p>\n\n\n\n<p>Johana Rend\u00f3n, coordinadora de estructuraci\u00f3n de iniciativas del Fenoge, explic\u00f3 que esta alianza busca llevar soluciones solares a instituciones educativas rurales. \u201cGracias a esta colaboraci\u00f3n vamos a llevar alrededor de 35 soluciones solares fotovoltaicas a instituciones educativas p\u00fablicas rurales en el departamento\u201d, se\u00f1al\u00f3.<\/p>\n\n\n\n<p>Por su parte, la directora ejecutiva del Fenoge, \u00c1ngela Patricia \u00c1lvarez, anunci\u00f3 que con este acuerdo se espera llegar a una meta de hasta 100 instituciones beneficiadas con proyectos de energ\u00eda renovable.<\/p>\n\n\n\n<p>Desde la Secretar\u00eda de Educaci\u00f3n del Valle del Cauca se valor\u00f3 el impacto de la iniciativa sobre la calidad educativa. Seg\u00fan la secretaria Ofelia Dorado, estas acciones \u201cvan a impactar a nuestros estudiantes para evitar la deserci\u00f3n, para la permanencia de nuestros estudiantes y para mejorar la calidad educativa\u201d.<\/p>\n","protected":false},"excerpt":{"rendered":"<p>En una apuesta por fortalecer la educaci\u00f3n desde una perspectiva ambiental, la Gobernaci\u00f3n del Valle del Cauca firm\u00f3 un acuerdo de entendimiento con el Fondo de Energ\u00edas No Convencionales y Gesti\u00f3n Eficiente de la Energ\u00eda (Fenoge), con el objetivo de implementar sistemas solares fotovoltaicos en instituciones educativas del departamento. La gobernadora Dilian Francisca Toro asegur\u00f3 [&hellip;]<\/p>\n","protected":false},"author":3,"featured_media":35842,"comment_status":"open","ping_status":"open","sticky":false,"template":"","format":"video","meta":{"footnotes":""},"categories":[10,1515],"tags":[],"class_list":["post-35829","post","type-post","status-publish","format-video","has-post-thumbnail","hentry","category-cnc-noticias-tulua","category-cnc-tulua","post_format-post-format-video"],"_links":{"self":[{"href":"https:\/\/cnctulua.tv\/index.php?rest_route=\/wp\/v2\/posts\/35829","targetHints":{"allow":["GET"]}}],"collection":[{"href":"https:\/\/cnctulua.tv\/index.php?rest_route=\/wp\/v2\/posts"}],"about":[{"href":"https:\/\/cnctulua.tv\/index.php?rest_route=\/wp\/v2\/types\/post"}],"author":[{"embeddable":true,"href":"https:\/\/cnctulua.tv\/index.php?rest_route=\/wp\/v2\/users\/3"}],"replies":[{"embeddable":true,"href":"https:\/\/cnctulua.tv\/index.php?rest_route=%2Fwp%2Fv2%2Fcomments&post=35829"}],"version-history":[{"count":1,"href":"https:\/\/cnctulua.tv\/index.php?rest_route=\/wp\/v2\/posts\/35829\/revisions"}],"predecessor-version":[{"id":35845,"href":"https:\/\/cnctulua.tv\/index.php?rest_route=\/wp\/v2\/posts\/35829\/revisions\/35845"}],"wp:featuredmedia":[{"embeddable":true,"href":"https:\/\/cnctulua.tv\/index.php?rest_route=\/wp\/v2\/media\/35842"}],"wp:attachment":[{"href":"https:\/\/cnctulua.tv\/index.php?rest_route=%2Fwp%2Fv2%2Fmedia&parent=35829"}],"wp:term":[{"taxonomy":"category","embeddable":true,"href":"https:\/\/cnctulua.tv\/index.php?rest_route=%2Fwp%2Fv2%2Fcategories&post=35829"},{"taxonomy":"post_tag","embeddable":true,"href":"https:\/\/cnctulua.tv\/index.php?rest_route=%2Fwp%2Fv2%2Ftags&post=35829"}],"curies":[{"name":"wp","href":"https:\/\/api.w.org\/{rel}","templated":true}]}}