{"id":35830,"date":"2025-08-06T17:36:18","date_gmt":"2025-08-06T17:36:18","guid":{"rendered":"https:\/\/cnctulua.tv\/?p=35830"},"modified":"2025-08-06T17:36:18","modified_gmt":"2025-08-06T17:36:18","slug":"mas-de-120-lideres-participaron-en-el-gran-foro-comunal-2025-en-tulua","status":"publish","type":"post","link":"https:\/\/cnctulua.tv\/?p=35830","title":{"rendered":"M\u00e1s de 120 l\u00edderes participaron en el Gran Foro Comunal 2025 en Tulu\u00e1."},"content":{"rendered":"\n<p>Con la presencia de m\u00e1s de 120 dignatarios de Juntas de Acci\u00f3n Comunal, la Administraci\u00f3n municipal de Tulu\u00e1, en articulaci\u00f3n con Asojuntas, llev\u00f3 a cabo el Gran Foro Comunal 2025, un espacio formativo orientado a fortalecer las capacidades de liderazgo, normatividad, emprendimiento y econom\u00eda solidaria entre los l\u00edderes comunales.<\/p>\n\n\n\n<figure class=\"wp-block-embed is-type-video is-provider-youtube wp-block-embed-youtube wp-embed-aspect-16-9 wp-has-aspect-ratio\"><div class=\"wp-block-embed__wrapper\">\n<iframe loading=\"lazy\" title=\"\ud83d\udce2 \u00a1Liderazgo comunal en acci\u00f3n! M\u00e1s de 120 dignatarios participaron en el Gran Foro Comunal 2025 \ud83d\udcac\ud83d\udc65\" width=\"640\" height=\"360\" src=\"https:\/\/www.youtube.com\/embed\/B9k-cckSlwY?feature=oembed\" frameborder=\"0\" allow=\"accelerometer; autoplay; clipboard-write; encrypted-media; gyroscope; picture-in-picture; web-share\" referrerpolicy=\"strict-origin-when-cross-origin\" allowfullscreen><\/iframe>\n<\/div><\/figure>\n\n\n\n<p>Durante el evento, se brindaron herramientas clave en el marco de la nueva normativa que exige al menos 60 horas de formaci\u00f3n para ejercer como dignatario en las elecciones comunales del a\u00f1o 2026. Esta primera jornada representa un avance hacia una agenda pedag\u00f3gica m\u00e1s amplia.<\/p>\n\n\n\n<figure class=\"wp-block-image size-large\"><img loading=\"lazy\" decoding=\"async\" width=\"1024\" height=\"768\" src=\"https:\/\/cnctulua.tv\/wp-content\/uploads\/2025\/08\/apoyos-LIDERAZGO-Y-EMPRENDIMIENTO-TULUA-1-1-1024x768.jpeg\" alt=\"\" class=\"wp-image-35844\" srcset=\"https:\/\/cnctulua.tv\/wp-content\/uploads\/2025\/08\/apoyos-LIDERAZGO-Y-EMPRENDIMIENTO-TULUA-1-1-1024x768.jpeg 1024w, https:\/\/cnctulua.tv\/wp-content\/uploads\/2025\/08\/apoyos-LIDERAZGO-Y-EMPRENDIMIENTO-TULUA-1-1-300x225.jpeg 300w, https:\/\/cnctulua.tv\/wp-content\/uploads\/2025\/08\/apoyos-LIDERAZGO-Y-EMPRENDIMIENTO-TULUA-1-1-768x576.jpeg 768w, https:\/\/cnctulua.tv\/wp-content\/uploads\/2025\/08\/apoyos-LIDERAZGO-Y-EMPRENDIMIENTO-TULUA-1-1.jpeg 1280w\" sizes=\"auto, (max-width: 1024px) 100vw, 1024px\" \/><\/figure>\n\n\n\n<p>\u201cEl foro no solo permiti\u00f3 avanzar en procesos de formaci\u00f3n, sino tambi\u00e9n afianzar el trabajo conjunto entre comunidades y gobierno local\u201d, destacaron los organizadores. Como parte de esta agenda, se anunci\u00f3 la realizaci\u00f3n de una feria de emprendimiento comunal para el pr\u00f3ximo 29 de noviembre, D\u00eda de la Acci\u00f3n Comunal.<\/p>\n","protected":false},"excerpt":{"rendered":"<p>Con la presencia de m\u00e1s de 120 dignatarios de Juntas de Acci\u00f3n Comunal, la Administraci\u00f3n municipal de Tulu\u00e1, en articulaci\u00f3n con Asojuntas, llev\u00f3 a cabo el Gran Foro Comunal 2025, un espacio formativo orientado a fortalecer las capacidades de liderazgo, normatividad, emprendimiento y econom\u00eda solidaria entre los l\u00edderes comunales. Durante el evento, se brindaron herramientas [&hellip;]<\/p>\n","protected":false},"author":3,"featured_media":0,"comment_status":"open","ping_status":"open","sticky":false,"template":"","format":"video","meta":{"footnotes":""},"categories":[1],"tags":[],"class_list":["post-35830","post","type-post","status-publish","format-video","hentry","category-uncategorized","post_format-post-format-video"],"_links":{"self":[{"href":"https:\/\/cnctulua.tv\/index.php?rest_route=\/wp\/v2\/posts\/35830","targetHints":{"allow":["GET"]}}],"collection":[{"href":"https:\/\/cnctulua.tv\/index.php?rest_route=\/wp\/v2\/posts"}],"about":[{"href":"https:\/\/cnctulua.tv\/index.php?rest_route=\/wp\/v2\/types\/post"}],"author":[{"embeddable":true,"href":"https:\/\/cnctulua.tv\/index.php?rest_route=\/wp\/v2\/users\/3"}],"replies":[{"embeddable":true,"href":"https:\/\/cnctulua.tv\/index.php?rest_route=%2Fwp%2Fv2%2Fcomments&post=35830"}],"version-history":[{"count":1,"href":"https:\/\/cnctulua.tv\/index.php?rest_route=\/wp\/v2\/posts\/35830\/revisions"}],"predecessor-version":[{"id":35860,"href":"https:\/\/cnctulua.tv\/index.php?rest_route=\/wp\/v2\/posts\/35830\/revisions\/35860"}],"wp:attachment":[{"href":"https:\/\/cnctulua.tv\/index.php?rest_route=%2Fwp%2Fv2%2Fmedia&parent=35830"}],"wp:term":[{"taxonomy":"category","embeddable":true,"href":"https:\/\/cnctulua.tv\/index.php?rest_route=%2Fwp%2Fv2%2Fcategories&post=35830"},{"taxonomy":"post_tag","embeddable":true,"href":"https:\/\/cnctulua.tv\/index.php?rest_route=%2Fwp%2Fv2%2Ftags&post=35830"}],"curies":[{"name":"wp","href":"https:\/\/api.w.org\/{rel}","templated":true}]}}