{"id":35851,"date":"2025-08-06T19:00:11","date_gmt":"2025-08-06T19:00:11","guid":{"rendered":"https:\/\/cnctulua.tv\/?p=35851"},"modified":"2025-08-06T19:00:11","modified_gmt":"2025-08-06T19:00:11","slug":"capturado-alias-nay-cabecilla-de-los-chiquillos-en-buenaventura","status":"publish","type":"post","link":"https:\/\/cnctulua.tv\/?p=35851","title":{"rendered":"Capturado alias \u201cNay\u201d, cabecilla de \u2018Los Chiquillos\u2019 en Buenaventura."},"content":{"rendered":"\n<p>En un operativo conjunto de la Polic\u00eda Nacional, la Armada y el GAULA Militar, fue capturado alias \u201cNay\u201d, presunto cabecilla del GDCO \u2018Los Chiquillos\u2019, se\u00f1alado por su participaci\u00f3n en homicidios, extorsi\u00f3n y desplazamientos forzados. Esta estructura criminal operaba en las comunas 10 y 12 del distrito de Buenaventura.<\/p>\n\n\n\n<figure class=\"wp-block-embed is-type-video is-provider-youtube wp-block-embed-youtube wp-embed-aspect-16-9 wp-has-aspect-ratio\"><div class=\"wp-block-embed__wrapper\">\n<iframe loading=\"lazy\" title=\"Capturado alias \u201cNay\u201d, cabecilla de \u2018Los Chiquillos\u2019 en Buenaventura. \ud83d\udea8\" width=\"640\" height=\"360\" src=\"https:\/\/www.youtube.com\/embed\/NT4Jtx0MsKY?feature=oembed\" frameborder=\"0\" allow=\"accelerometer; autoplay; clipboard-write; encrypted-media; gyroscope; picture-in-picture; web-share\" referrerpolicy=\"strict-origin-when-cross-origin\" allowfullscreen><\/iframe>\n<\/div><\/figure>\n\n\n\n<p>Durante la intervenci\u00f3n fueron detenidos tambi\u00e9n alias \u2018Jader\u2019 y alias \u2018La Firma\u2019, presuntos sicarios que har\u00edan parte del componente armado del grupo delictivo, el cual rend\u00eda cuentas al actor carcelario alias \u201cRobert\u201d. Seg\u00fan las autoridades, esta organizaci\u00f3n tiene una trayectoria de al menos seis a\u00f1os de operaciones criminales, y conexiones con el grupo delincuencial organizado \u2018Los Espartanos\u2019.<\/p>\n\n\n\n<p>En la operaci\u00f3n se incautaron municiones de varios calibres, dos celulares y una panela de clorhidrato de coca\u00edna. Los tres capturados fueron puestos a disposici\u00f3n de la Fiscal\u00eda y posteriormente un juez dict\u00f3 medida de aseguramiento en centro carcelario.<\/p>\n\n\n\n<p>La coronel Sandra Liliana Rodr\u00edguez Cort\u00e9s, comandante del Departamento de Polic\u00eda Valle, destac\u00f3 que este golpe desarticula significativamente una red dedicada al sicariato y la extorsi\u00f3n. La gobernadora del Valle, Dilian Francisca Toro, asegur\u00f3 que la operaci\u00f3n representa una afectaci\u00f3n financiera de hasta 900 millones de pesos mensuales para la organizaci\u00f3n.<\/p>\n","protected":false},"excerpt":{"rendered":"<p>En un operativo conjunto de la Polic\u00eda Nacional, la Armada y el GAULA Militar, fue capturado alias \u201cNay\u201d, presunto cabecilla del GDCO \u2018Los Chiquillos\u2019, se\u00f1alado por su participaci\u00f3n en homicidios, extorsi\u00f3n y desplazamientos forzados. Esta estructura criminal operaba en las comunas 10 y 12 del distrito de Buenaventura. Durante la intervenci\u00f3n fueron detenidos tambi\u00e9n alias [&hellip;]<\/p>\n","protected":false},"author":3,"featured_media":35878,"comment_status":"open","ping_status":"open","sticky":false,"template":"","format":"video","meta":{"footnotes":""},"categories":[10,1515],"tags":[],"class_list":["post-35851","post","type-post","status-publish","format-video","has-post-thumbnail","hentry","category-cnc-noticias-tulua","category-cnc-tulua","post_format-post-format-video"],"_links":{"self":[{"href":"https:\/\/cnctulua.tv\/index.php?rest_route=\/wp\/v2\/posts\/35851","targetHints":{"allow":["GET"]}}],"collection":[{"href":"https:\/\/cnctulua.tv\/index.php?rest_route=\/wp\/v2\/posts"}],"about":[{"href":"https:\/\/cnctulua.tv\/index.php?rest_route=\/wp\/v2\/types\/post"}],"author":[{"embeddable":true,"href":"https:\/\/cnctulua.tv\/index.php?rest_route=\/wp\/v2\/users\/3"}],"replies":[{"embeddable":true,"href":"https:\/\/cnctulua.tv\/index.php?rest_route=%2Fwp%2Fv2%2Fcomments&post=35851"}],"version-history":[{"count":1,"href":"https:\/\/cnctulua.tv\/index.php?rest_route=\/wp\/v2\/posts\/35851\/revisions"}],"predecessor-version":[{"id":35880,"href":"https:\/\/cnctulua.tv\/index.php?rest_route=\/wp\/v2\/posts\/35851\/revisions\/35880"}],"wp:featuredmedia":[{"embeddable":true,"href":"https:\/\/cnctulua.tv\/index.php?rest_route=\/wp\/v2\/media\/35878"}],"wp:attachment":[{"href":"https:\/\/cnctulua.tv\/index.php?rest_route=%2Fwp%2Fv2%2Fmedia&parent=35851"}],"wp:term":[{"taxonomy":"category","embeddable":true,"href":"https:\/\/cnctulua.tv\/index.php?rest_route=%2Fwp%2Fv2%2Fcategories&post=35851"},{"taxonomy":"post_tag","embeddable":true,"href":"https:\/\/cnctulua.tv\/index.php?rest_route=%2Fwp%2Fv2%2Ftags&post=35851"}],"curies":[{"name":"wp","href":"https:\/\/api.w.org\/{rel}","templated":true}]}}