{"id":35890,"date":"2025-08-08T15:47:58","date_gmt":"2025-08-08T15:47:58","guid":{"rendered":"https:\/\/cnctulua.tv\/?p=35890"},"modified":"2025-08-08T15:47:58","modified_gmt":"2025-08-08T15:47:58","slug":"asegurado-presunto-implicado-en-homicidio-de-adulto-mayor-en-buenaventura","status":"publish","type":"post","link":"https:\/\/cnctulua.tv\/?p=35890","title":{"rendered":"Asegurado presunto implicado en homicidio de adulto mayor en Buenaventura."},"content":{"rendered":"\n<p>Un hombre fue enviado a prisi\u00f3n tras ser capturado por su presunta participaci\u00f3n en el homicidio de un adulto mayor en el barrio Nuevo Amanecer de Buenaventura, ocurrido el pasado 16 de abril.<\/p>\n\n\n\n<figure class=\"wp-block-embed is-type-video is-provider-youtube wp-block-embed-youtube wp-embed-aspect-16-9 wp-has-aspect-ratio\"><div class=\"wp-block-embed__wrapper\">\n<iframe loading=\"lazy\" title=\"\ud83d\udea8 Capturado presunto implicado en homicidio de adulto mayor en Buenaventura. \ud83d\udea8\" width=\"640\" height=\"360\" src=\"https:\/\/www.youtube.com\/embed\/ZvBuzEwBmZo?feature=oembed\" frameborder=\"0\" allow=\"accelerometer; autoplay; clipboard-write; encrypted-media; gyroscope; picture-in-picture; web-share\" referrerpolicy=\"strict-origin-when-cross-origin\" allowfullscreen><\/iframe>\n<\/div><\/figure>\n\n\n\n<p>La Fiscal\u00eda inform\u00f3 que el detenido habr\u00eda atacado con arma de fuego a la v\u00edctima en v\u00eda p\u00fablica, caus\u00e1ndole la muerte. La captura se realiz\u00f3 el 3 de agosto en el barrio Caldas, en un operativo de la Dij\u00edn de la Polic\u00eda Nacional.<\/p>\n\n\n\n<p>El procesado fue imputado por homicidio agravado y porte ilegal de armas, y deber\u00e1 permanecer privado de la libertad mientras avanzan las investigaciones.<\/p>\n","protected":false},"excerpt":{"rendered":"<p>Un hombre fue enviado a prisi\u00f3n tras ser capturado por su presunta participaci\u00f3n en el homicidio de un adulto mayor en el barrio Nuevo Amanecer de Buenaventura, ocurrido el pasado 16 de abril. La Fiscal\u00eda inform\u00f3 que el detenido habr\u00eda atacado con arma de fuego a la v\u00edctima en v\u00eda p\u00fablica, caus\u00e1ndole la muerte. La [&hellip;]<\/p>\n","protected":false},"author":3,"featured_media":35903,"comment_status":"open","ping_status":"open","sticky":false,"template":"","format":"video","meta":{"footnotes":""},"categories":[10,1515],"tags":[],"class_list":["post-35890","post","type-post","status-publish","format-video","has-post-thumbnail","hentry","category-cnc-noticias-tulua","category-cnc-tulua","post_format-post-format-video"],"_links":{"self":[{"href":"https:\/\/cnctulua.tv\/index.php?rest_route=\/wp\/v2\/posts\/35890","targetHints":{"allow":["GET"]}}],"collection":[{"href":"https:\/\/cnctulua.tv\/index.php?rest_route=\/wp\/v2\/posts"}],"about":[{"href":"https:\/\/cnctulua.tv\/index.php?rest_route=\/wp\/v2\/types\/post"}],"author":[{"embeddable":true,"href":"https:\/\/cnctulua.tv\/index.php?rest_route=\/wp\/v2\/users\/3"}],"replies":[{"embeddable":true,"href":"https:\/\/cnctulua.tv\/index.php?rest_route=%2Fwp%2Fv2%2Fcomments&post=35890"}],"version-history":[{"count":1,"href":"https:\/\/cnctulua.tv\/index.php?rest_route=\/wp\/v2\/posts\/35890\/revisions"}],"predecessor-version":[{"id":35907,"href":"https:\/\/cnctulua.tv\/index.php?rest_route=\/wp\/v2\/posts\/35890\/revisions\/35907"}],"wp:featuredmedia":[{"embeddable":true,"href":"https:\/\/cnctulua.tv\/index.php?rest_route=\/wp\/v2\/media\/35903"}],"wp:attachment":[{"href":"https:\/\/cnctulua.tv\/index.php?rest_route=%2Fwp%2Fv2%2Fmedia&parent=35890"}],"wp:term":[{"taxonomy":"category","embeddable":true,"href":"https:\/\/cnctulua.tv\/index.php?rest_route=%2Fwp%2Fv2%2Fcategories&post=35890"},{"taxonomy":"post_tag","embeddable":true,"href":"https:\/\/cnctulua.tv\/index.php?rest_route=%2Fwp%2Fv2%2Ftags&post=35890"}],"curies":[{"name":"wp","href":"https:\/\/api.w.org\/{rel}","templated":true}]}}