{"id":35940,"date":"2025-08-12T00:36:14","date_gmt":"2025-08-12T00:36:14","guid":{"rendered":"https:\/\/cnctulua.tv\/?p=35940"},"modified":"2025-08-12T00:36:14","modified_gmt":"2025-08-12T00:36:14","slug":"valle-del-cauca-proyecta-fortalecimiento-de-aeropuertos-para-impulsar-competitividad-y-turismo","status":"publish","type":"post","link":"https:\/\/cnctulua.tv\/?p=35940","title":{"rendered":"Valle del Cauca proyecta fortalecimiento de aeropuertos para impulsar competitividad y turismo."},"content":{"rendered":"\n<p>La Gobernaci\u00f3n del Valle del Cauca, la Aeron\u00e1utica Civil, autoridades locales y gremios empresariales acordaron la realizaci\u00f3n de mesas t\u00e9cnicas para definir estrategias que fortalezcan la competitividad a\u00e9rea del departamento y consoliden proyectos de infraestructura clave en la regi\u00f3n.<\/p>\n\n\n\n<figure class=\"wp-block-embed is-type-video is-provider-youtube wp-block-embed-youtube wp-embed-aspect-16-9 wp-has-aspect-ratio\"><div class=\"wp-block-embed__wrapper\">\n<iframe loading=\"lazy\" title=\"\ud83c\udf0e Valle del Cauca prepara plan de modernizaci\u00f3n para sus aeropuertos \u2708\ufe0f\" width=\"640\" height=\"360\" src=\"https:\/\/www.youtube.com\/embed\/YgGyVa3-bfU?feature=oembed\" frameborder=\"0\" allow=\"accelerometer; autoplay; clipboard-write; encrypted-media; gyroscope; picture-in-picture; web-share\" referrerpolicy=\"strict-origin-when-cross-origin\" allowfullscreen><\/iframe>\n<\/div><\/figure>\n\n\n\n<p>Entre los temas centrales est\u00e1 el futuro del aeropuerto Alfonso Bonilla Arag\u00f3n, que a partir del pr\u00f3ximo 1 de septiembre volver\u00e1 a ser administrado por la Aeron\u00e1utica Civil durante un a\u00f1o, con el objetivo de mejorar sus condiciones antes de buscar un nuevo concesionario que garantice crecimiento, m\u00e1s rutas y proyecci\u00f3n internacional.<\/p>\n\n\n\n<p>La gobernadora del Valle, Dilian Francisca Toro, destac\u00f3 la importancia de que la terminal cuente con un operador capaz de impulsar el desarrollo econ\u00f3mico regional. \u201cLo que queremos es que el aeropuerto tenga un concesionario que traiga crecimiento, desarrollo, m\u00e1s competitividad, que vengan m\u00e1s aerol\u00edneas, que sea internacional como nos lo merecemos en el Valle\u201d, se\u00f1al\u00f3.<\/p>\n\n\n\n<p>El plan de trabajo tambi\u00e9n contempla el fortalecimiento de los aeropuertos de Buenaventura y Juanchaco, con el fin de potenciar el turismo, generar empleo y mejorar la conectividad. El director general de la Aerocivil, general Henry Pinto, indic\u00f3 que el Banco de Desarrollo de Am\u00e9rica Latina y el Caribe (CAF) destinar\u00e1 un mill\u00f3n de d\u00f3lares para estudios t\u00e9cnicos que incluyan las proyecciones y necesidades de infraestructura de ambas terminales.<\/p>\n\n\n\n<p>Estos estudios se basar\u00e1n en el plan maestro de la Aeron\u00e1utica Civil e incluir\u00e1n an\u00e1lisis de conectividad, transporte y carga, como paso previo a cualquier inversi\u00f3n. La meta, seg\u00fan Pinto, es que Cali pueda convertirse en un punto estrat\u00e9gico que conecte Asia con las Am\u00e9ricas y que Buenaventura fortalezca su papel como destino tur\u00edstico y log\u00edstico de relevancia nacional e internacional.<\/p>\n\n\n\n<figure class=\"wp-block-video\"><\/figure>\n","protected":false},"excerpt":{"rendered":"<p>La Gobernaci\u00f3n del Valle del Cauca, la Aeron\u00e1utica Civil, autoridades locales y gremios empresariales acordaron la realizaci\u00f3n de mesas t\u00e9cnicas para definir estrategias que fortalezcan la competitividad a\u00e9rea del departamento y consoliden proyectos de infraestructura clave en la regi\u00f3n. Entre los temas centrales est\u00e1 el futuro del aeropuerto Alfonso Bonilla Arag\u00f3n, que a partir del [&hellip;]<\/p>\n","protected":false},"author":3,"featured_media":35941,"comment_status":"open","ping_status":"open","sticky":false,"template":"","format":"video","meta":{"footnotes":""},"categories":[10],"tags":[],"class_list":["post-35940","post","type-post","status-publish","format-video","has-post-thumbnail","hentry","category-cnc-noticias-tulua","post_format-post-format-video"],"_links":{"self":[{"href":"https:\/\/cnctulua.tv\/index.php?rest_route=\/wp\/v2\/posts\/35940","targetHints":{"allow":["GET"]}}],"collection":[{"href":"https:\/\/cnctulua.tv\/index.php?rest_route=\/wp\/v2\/posts"}],"about":[{"href":"https:\/\/cnctulua.tv\/index.php?rest_route=\/wp\/v2\/types\/post"}],"author":[{"embeddable":true,"href":"https:\/\/cnctulua.tv\/index.php?rest_route=\/wp\/v2\/users\/3"}],"replies":[{"embeddable":true,"href":"https:\/\/cnctulua.tv\/index.php?rest_route=%2Fwp%2Fv2%2Fcomments&post=35940"}],"version-history":[{"count":1,"href":"https:\/\/cnctulua.tv\/index.php?rest_route=\/wp\/v2\/posts\/35940\/revisions"}],"predecessor-version":[{"id":35942,"href":"https:\/\/cnctulua.tv\/index.php?rest_route=\/wp\/v2\/posts\/35940\/revisions\/35942"}],"wp:featuredmedia":[{"embeddable":true,"href":"https:\/\/cnctulua.tv\/index.php?rest_route=\/wp\/v2\/media\/35941"}],"wp:attachment":[{"href":"https:\/\/cnctulua.tv\/index.php?rest_route=%2Fwp%2Fv2%2Fmedia&parent=35940"}],"wp:term":[{"taxonomy":"category","embeddable":true,"href":"https:\/\/cnctulua.tv\/index.php?rest_route=%2Fwp%2Fv2%2Fcategories&post=35940"},{"taxonomy":"post_tag","embeddable":true,"href":"https:\/\/cnctulua.tv\/index.php?rest_route=%2Fwp%2Fv2%2Ftags&post=35940"}],"curies":[{"name":"wp","href":"https:\/\/api.w.org\/{rel}","templated":true}]}}