{"id":35970,"date":"2025-08-12T01:56:06","date_gmt":"2025-08-12T01:56:06","guid":{"rendered":"https:\/\/cnctulua.tv\/?p=35970"},"modified":"2025-08-12T01:56:06","modified_gmt":"2025-08-12T01:56:06","slug":"fonder-abre-segunda-convocatoria-con-1-100-cupos-para-emprendedores-del-valle","status":"publish","type":"post","link":"https:\/\/cnctulua.tv\/?p=35970","title":{"rendered":"Fonder abre segunda convocatoria con 1.100 cupos para emprendedores del Valle."},"content":{"rendered":"\n<p>La Gobernaci\u00f3n del Valle del Cauca, a trav\u00e9s de Infivalle, mantiene abierta hasta el 31 de agosto la segunda convocatoria del programa Fonder, que busca otorgar cr\u00e9ditos con tasas desde cero intereses a micro, peque\u00f1os y medianos emprendedores de todo el departamento. En esta ocasi\u00f3n se ofrecen 1.100 cupos, de los cuales 300 est\u00e1n destinados a Buenaventura y se dar\u00e1 prioridad a los comerciantes de Jamund\u00ed.<\/p>\n\n\n\n<p>El gerente de Infivalle, Giovanny Ram\u00edrez, explic\u00f3 que Fonder es una estrategia para contrarrestar el cr\u00e9dito informal, conocido como gota a gota, y apoyar el crecimiento de los negocios en la regi\u00f3n.<\/p>\n\n\n\n<p>Podr\u00e1n participar todas las personas con un emprendimiento o micronegocio, inscribi\u00e9ndose a trav\u00e9s de la p\u00e1gina web fondervalle.valledelcauca.gov.co, sin necesidad de adjuntar documentos al momento de la postulaci\u00f3n.<\/p>\n\n\n\n<p>Una vez enviada la solicitud, se confirmar\u00e1 la aceptaci\u00f3n seg\u00fan los par\u00e1metros establecidos, y se realizar\u00e1 una visita de verificaci\u00f3n al negocio.<\/p>\n\n\n\n<p>El programa ofrece dos l\u00edneas de cr\u00e9dito: la primera, para micronegocios, hasta por $5.600.000 con cero inter\u00e9s; y la segunda, para negocios m\u00e1s grandes, hasta por $56.900.000, con subsidio del 70% del inter\u00e9s por parte de la Gobernaci\u00f3n.<\/p>\n\n\n\n<p>Los plazos de pago son de hasta 36 meses y el pago puede realizarse por bot\u00f3n de pago en la p\u00e1gina web, consignaci\u00f3n bancaria o corresponsales autorizados. Quienes se atrasen tres cuotas consecutivas perder\u00e1n el beneficio del inter\u00e9s subsidiado.<\/p>\n\n\n\n<figure class=\"wp-block-embed is-type-video is-provider-youtube wp-block-embed-youtube wp-embed-aspect-16-9 wp-has-aspect-ratio\"><div class=\"wp-block-embed__wrapper\">\n<iframe loading=\"lazy\" title=\"\ud83d\udce2 \u00a1Atenci\u00f3n emprendedores del Valle del Cauca!\" width=\"640\" height=\"360\" src=\"https:\/\/www.youtube.com\/embed\/P5-5BuIJTNg?feature=oembed\" frameborder=\"0\" allow=\"accelerometer; autoplay; clipboard-write; encrypted-media; gyroscope; picture-in-picture; web-share\" referrerpolicy=\"strict-origin-when-cross-origin\" allowfullscreen><\/iframe>\n<\/div><\/figure>\n\n\n\n<figure class=\"wp-block-video\"><\/figure>\n","protected":false},"excerpt":{"rendered":"<p>La Gobernaci\u00f3n del Valle del Cauca, a trav\u00e9s de Infivalle, mantiene abierta hasta el 31 de agosto la segunda convocatoria del programa Fonder, que busca otorgar cr\u00e9ditos con tasas desde cero intereses a micro, peque\u00f1os y medianos emprendedores de todo el departamento. En esta ocasi\u00f3n se ofrecen 1.100 cupos, de los cuales 300 est\u00e1n destinados [&hellip;]<\/p>\n","protected":false},"author":3,"featured_media":35971,"comment_status":"open","ping_status":"open","sticky":false,"template":"","format":"video","meta":{"footnotes":""},"categories":[10],"tags":[],"class_list":["post-35970","post","type-post","status-publish","format-video","has-post-thumbnail","hentry","category-cnc-noticias-tulua","post_format-post-format-video"],"_links":{"self":[{"href":"https:\/\/cnctulua.tv\/index.php?rest_route=\/wp\/v2\/posts\/35970","targetHints":{"allow":["GET"]}}],"collection":[{"href":"https:\/\/cnctulua.tv\/index.php?rest_route=\/wp\/v2\/posts"}],"about":[{"href":"https:\/\/cnctulua.tv\/index.php?rest_route=\/wp\/v2\/types\/post"}],"author":[{"embeddable":true,"href":"https:\/\/cnctulua.tv\/index.php?rest_route=\/wp\/v2\/users\/3"}],"replies":[{"embeddable":true,"href":"https:\/\/cnctulua.tv\/index.php?rest_route=%2Fwp%2Fv2%2Fcomments&post=35970"}],"version-history":[{"count":1,"href":"https:\/\/cnctulua.tv\/index.php?rest_route=\/wp\/v2\/posts\/35970\/revisions"}],"predecessor-version":[{"id":35972,"href":"https:\/\/cnctulua.tv\/index.php?rest_route=\/wp\/v2\/posts\/35970\/revisions\/35972"}],"wp:featuredmedia":[{"embeddable":true,"href":"https:\/\/cnctulua.tv\/index.php?rest_route=\/wp\/v2\/media\/35971"}],"wp:attachment":[{"href":"https:\/\/cnctulua.tv\/index.php?rest_route=%2Fwp%2Fv2%2Fmedia&parent=35970"}],"wp:term":[{"taxonomy":"category","embeddable":true,"href":"https:\/\/cnctulua.tv\/index.php?rest_route=%2Fwp%2Fv2%2Fcategories&post=35970"},{"taxonomy":"post_tag","embeddable":true,"href":"https:\/\/cnctulua.tv\/index.php?rest_route=%2Fwp%2Fv2%2Ftags&post=35970"}],"curies":[{"name":"wp","href":"https:\/\/api.w.org\/{rel}","templated":true}]}}