{"id":35973,"date":"2025-08-12T02:00:25","date_gmt":"2025-08-12T02:00:25","guid":{"rendered":"https:\/\/cnctulua.tv\/?p=35973"},"modified":"2025-08-12T02:00:25","modified_gmt":"2025-08-12T02:00:25","slug":"mas-de-170-organizaciones-unen-esfuerzos-para-fortalecer-la-seguridad-y-el-desarrollo-del-valle-del-cauca","status":"publish","type":"post","link":"https:\/\/cnctulua.tv\/?p=35973","title":{"rendered":"M\u00e1s de 170 organizaciones unen esfuerzos para fortalecer la seguridad y el desarrollo del Valle del Cauca."},"content":{"rendered":"\n<p>El Valle del Cauca avanza en la consolidaci\u00f3n de una hoja de ruta conjunta para mejorar la seguridad, atraer inversi\u00f3n y elevar la calidad de vida de sus habitantes, gracias al trabajo articulado de m\u00e1s de 170 organizaciones que hacen parte de la Agenda Regional del Valle del Cauca.<\/p>\n\n\n\n<p>Esta estrategia, liderada por ProPac\u00edfico, re\u00fane universidades, empresas privadas, organizaciones no gubernamentales y entidades institucionales para analizar problem\u00e1ticas, construir diagn\u00f3sticos y definir acciones de impacto.<\/p>\n\n\n\n<p>\u201cEs una iniciativa de ProPac\u00edfico que re\u00fane universidades, empresa privada, organizaciones no gubernamentales, distintos actores institucionales que permiten que podamos poner sobre la mesa las problem\u00e1ticas, pero tambi\u00e9n los diagn\u00f3sticos y qu\u00e9 estamos haciendo\u201d, afirm\u00f3 Guillermo Londo\u00f1o, secretario de Convivencia y Seguridad Ciudadana del Valle del Cauca.<\/p>\n\n\n\n<p>Por su parte, Mar\u00eda Isabel Ulloa, directora ejecutiva de ProPac\u00edfico, subray\u00f3 que la prevenci\u00f3n es un eje clave del trabajo: \u201cTenemos que pensar en nuestros ni\u00f1os, vuelve el tema de la educaci\u00f3n, la retenci\u00f3n de nuestros ni\u00f1os en la educaci\u00f3n, pero tambi\u00e9n la prevenci\u00f3n, darles opciones a nuestros j\u00f3venes\u201d.<\/p>\n\n\n\n<p>En ese sentido, el secretario Londo\u00f1o se\u00f1al\u00f3 que la Agenda Regional es el escenario para generar sinergias entre todos los sectores: \u201cQue podamos construir agendas conjuntas que nos permitan avanzar en cada uno de los frentes en los que estamos para poder darles tranquilidad y seguridad a todos los vallecaucanos\u201d. Entre las estrategias impulsadas por la Gobernaci\u00f3n se destacan el fortalecimiento de las capacidades de la Fuerza P\u00fablica con equipos de telecomunicaciones, veh\u00edculos y sistemas anti drones; la instalaci\u00f3n de batallones; la implementaci\u00f3n de corredores seguros y el programa \u2018Fuerza Joven por el Valle\u2019, enfocado en prevenir la delincuencia y generar oportunidades para la juventud<\/p>\n\n\n\n<figure class=\"wp-block-embed is-type-video is-provider-youtube wp-block-embed-youtube wp-embed-aspect-16-9 wp-has-aspect-ratio\"><div class=\"wp-block-embed__wrapper\">\n<iframe loading=\"lazy\" title=\"170 organizaciones trabajan unidas por la seguridad y el desarrollo del Valle del Cauca\ud83d\udcaa\ud83c\udf0e\" width=\"640\" height=\"360\" src=\"https:\/\/www.youtube.com\/embed\/5BkNQdL0UDc?feature=oembed\" frameborder=\"0\" allow=\"accelerometer; autoplay; clipboard-write; encrypted-media; gyroscope; picture-in-picture; web-share\" referrerpolicy=\"strict-origin-when-cross-origin\" allowfullscreen><\/iframe>\n<\/div><\/figure>\n\n\n\n<figure class=\"wp-block-video\"><\/figure>\n","protected":false},"excerpt":{"rendered":"<p>El Valle del Cauca avanza en la consolidaci\u00f3n de una hoja de ruta conjunta para mejorar la seguridad, atraer inversi\u00f3n y elevar la calidad de vida de sus habitantes, gracias al trabajo articulado de m\u00e1s de 170 organizaciones que hacen parte de la Agenda Regional del Valle del Cauca. Esta estrategia, liderada por ProPac\u00edfico, re\u00fane [&hellip;]<\/p>\n","protected":false},"author":3,"featured_media":35974,"comment_status":"open","ping_status":"open","sticky":false,"template":"","format":"video","meta":{"footnotes":""},"categories":[10],"tags":[],"class_list":["post-35973","post","type-post","status-publish","format-video","has-post-thumbnail","hentry","category-cnc-noticias-tulua","post_format-post-format-video"],"_links":{"self":[{"href":"https:\/\/cnctulua.tv\/index.php?rest_route=\/wp\/v2\/posts\/35973","targetHints":{"allow":["GET"]}}],"collection":[{"href":"https:\/\/cnctulua.tv\/index.php?rest_route=\/wp\/v2\/posts"}],"about":[{"href":"https:\/\/cnctulua.tv\/index.php?rest_route=\/wp\/v2\/types\/post"}],"author":[{"embeddable":true,"href":"https:\/\/cnctulua.tv\/index.php?rest_route=\/wp\/v2\/users\/3"}],"replies":[{"embeddable":true,"href":"https:\/\/cnctulua.tv\/index.php?rest_route=%2Fwp%2Fv2%2Fcomments&post=35973"}],"version-history":[{"count":1,"href":"https:\/\/cnctulua.tv\/index.php?rest_route=\/wp\/v2\/posts\/35973\/revisions"}],"predecessor-version":[{"id":35975,"href":"https:\/\/cnctulua.tv\/index.php?rest_route=\/wp\/v2\/posts\/35973\/revisions\/35975"}],"wp:featuredmedia":[{"embeddable":true,"href":"https:\/\/cnctulua.tv\/index.php?rest_route=\/wp\/v2\/media\/35974"}],"wp:attachment":[{"href":"https:\/\/cnctulua.tv\/index.php?rest_route=%2Fwp%2Fv2%2Fmedia&parent=35973"}],"wp:term":[{"taxonomy":"category","embeddable":true,"href":"https:\/\/cnctulua.tv\/index.php?rest_route=%2Fwp%2Fv2%2Fcategories&post=35973"},{"taxonomy":"post_tag","embeddable":true,"href":"https:\/\/cnctulua.tv\/index.php?rest_route=%2Fwp%2Fv2%2Ftags&post=35973"}],"curies":[{"name":"wp","href":"https:\/\/api.w.org\/{rel}","templated":true}]}}