{"id":35988,"date":"2025-08-12T17:06:08","date_gmt":"2025-08-12T17:06:08","guid":{"rendered":"https:\/\/cnctulua.tv\/?p=35988"},"modified":"2025-08-12T17:06:08","modified_gmt":"2025-08-12T17:06:08","slug":"judicializan-a-dos-presuntos-implicados-en-homicidio-en-cartago-valle-del-cauca","status":"publish","type":"post","link":"https:\/\/cnctulua.tv\/?p=35988","title":{"rendered":"Judicializan a dos presuntos implicados en homicidio en Cartago, Valle del Cauca."},"content":{"rendered":"\n<p>La fiscal\u00eda general de la Naci\u00f3n imput\u00f3 a dos hombres por su presunta responsabilidad en el homicidio de un ciudadano en Cartago, Valle del Cauca, ocurrido el 21 de enero de 2025.<\/p>\n\n\n\n<p>Seg\u00fan la investigaci\u00f3n, los procesados se movilizaban en motocicleta y, al interceptar a la v\u00edctima en el barrio Ciudadela, le dispararon en repetidas ocasiones, caus\u00e1ndole la muerte de forma inmediata.<\/p>\n\n\n\n<p>El pasado 6 de agosto, unidades de la Sij\u00edn de la Polic\u00eda Nacional hicieron efectivas las \u00f3rdenes de captura en el municipio de Obando. Los hombres fueron imputados por homicidio agravado y porte ilegal de armas de fuego, y un juez les impuso medida de aseguramiento en centro carcelario.<\/p>\n\n\n\n<figure class=\"wp-block-embed is-type-video is-provider-youtube wp-block-embed-youtube wp-embed-aspect-16-9 wp-has-aspect-ratio\"><div class=\"wp-block-embed__wrapper\">\n<iframe loading=\"lazy\" title=\"\ud83d\udea8 Judicializados por presento homicidio en el barrio Ciudadela de Cartago\" width=\"640\" height=\"360\" src=\"https:\/\/www.youtube.com\/embed\/5Qo_BXj3Dnc?feature=oembed\" frameborder=\"0\" allow=\"accelerometer; autoplay; clipboard-write; encrypted-media; gyroscope; picture-in-picture; web-share\" referrerpolicy=\"strict-origin-when-cross-origin\" allowfullscreen><\/iframe>\n<\/div><\/figure>\n\n\n\n<figure class=\"wp-block-video\"><\/figure>\n","protected":false},"excerpt":{"rendered":"<p>La fiscal\u00eda general de la Naci\u00f3n imput\u00f3 a dos hombres por su presunta responsabilidad en el homicidio de un ciudadano en Cartago, Valle del Cauca, ocurrido el 21 de enero de 2025. Seg\u00fan la investigaci\u00f3n, los procesados se movilizaban en motocicleta y, al interceptar a la v\u00edctima en el barrio Ciudadela, le dispararon en repetidas [&hellip;]<\/p>\n","protected":false},"author":3,"featured_media":35989,"comment_status":"open","ping_status":"open","sticky":false,"template":"","format":"video","meta":{"footnotes":""},"categories":[10],"tags":[],"class_list":["post-35988","post","type-post","status-publish","format-video","has-post-thumbnail","hentry","category-cnc-noticias-tulua","post_format-post-format-video"],"_links":{"self":[{"href":"https:\/\/cnctulua.tv\/index.php?rest_route=\/wp\/v2\/posts\/35988","targetHints":{"allow":["GET"]}}],"collection":[{"href":"https:\/\/cnctulua.tv\/index.php?rest_route=\/wp\/v2\/posts"}],"about":[{"href":"https:\/\/cnctulua.tv\/index.php?rest_route=\/wp\/v2\/types\/post"}],"author":[{"embeddable":true,"href":"https:\/\/cnctulua.tv\/index.php?rest_route=\/wp\/v2\/users\/3"}],"replies":[{"embeddable":true,"href":"https:\/\/cnctulua.tv\/index.php?rest_route=%2Fwp%2Fv2%2Fcomments&post=35988"}],"version-history":[{"count":1,"href":"https:\/\/cnctulua.tv\/index.php?rest_route=\/wp\/v2\/posts\/35988\/revisions"}],"predecessor-version":[{"id":35990,"href":"https:\/\/cnctulua.tv\/index.php?rest_route=\/wp\/v2\/posts\/35988\/revisions\/35990"}],"wp:featuredmedia":[{"embeddable":true,"href":"https:\/\/cnctulua.tv\/index.php?rest_route=\/wp\/v2\/media\/35989"}],"wp:attachment":[{"href":"https:\/\/cnctulua.tv\/index.php?rest_route=%2Fwp%2Fv2%2Fmedia&parent=35988"}],"wp:term":[{"taxonomy":"category","embeddable":true,"href":"https:\/\/cnctulua.tv\/index.php?rest_route=%2Fwp%2Fv2%2Fcategories&post=35988"},{"taxonomy":"post_tag","embeddable":true,"href":"https:\/\/cnctulua.tv\/index.php?rest_route=%2Fwp%2Fv2%2Ftags&post=35988"}],"curies":[{"name":"wp","href":"https:\/\/api.w.org\/{rel}","templated":true}]}}