{"id":36003,"date":"2025-08-12T22:18:21","date_gmt":"2025-08-12T22:18:21","guid":{"rendered":"https:\/\/cnctulua.tv\/?p=36003"},"modified":"2025-08-12T22:18:21","modified_gmt":"2025-08-12T22:18:21","slug":"envian-a-prision-a-presunto-responsable-de-ataque-contra-adolescente-en-ginebra","status":"publish","type":"post","link":"https:\/\/cnctulua.tv\/?p=36003","title":{"rendered":"Env\u00edan a prisi\u00f3n a presunto responsable de ataque contra adolescente en Ginebra."},"content":{"rendered":"\n<p>Un hombre fue cobijado con medida de aseguramiento en centro carcelario por su presunta responsabilidad en el intento de asesinato de un adolescente de 17 a\u00f1os, en hechos registrados el 27 de marzo de este a\u00f1o en Ginebra, Valle del Cauca.<\/p>\n\n\n\n<p>Seg\u00fan la Fiscal\u00eda, el ataque ocurri\u00f3 en una v\u00eda p\u00fablica, donde la v\u00edctima fue interceptada y herida con disparos de arma de fuego. El menor recibi\u00f3 atenci\u00f3n m\u00e9dica oportuna que permiti\u00f3 salvarle la vida.<\/p>\n\n\n\n<p>La captura del se\u00f1alado fue realizada el pasado 5 de agosto por servidores del CTI con apoyo de la Polic\u00eda Nacional. El procesado fue imputado por homicidio agravado en grado de tentativa y porte ilegal de armas de fuego.<\/p>\n\n\n\n<figure class=\"wp-block-embed is-type-video is-provider-youtube wp-block-embed-youtube wp-embed-aspect-16-9 wp-has-aspect-ratio\"><div class=\"wp-block-embed__wrapper\">\n<iframe loading=\"lazy\" title=\"\ud83d\udea8 Capturado por ataque a menor en Ginebra \ud83d\udea8\" width=\"640\" height=\"360\" src=\"https:\/\/www.youtube.com\/embed\/OKXngJr8GW4?feature=oembed\" frameborder=\"0\" allow=\"accelerometer; autoplay; clipboard-write; encrypted-media; gyroscope; picture-in-picture; web-share\" referrerpolicy=\"strict-origin-when-cross-origin\" allowfullscreen><\/iframe>\n<\/div><\/figure>\n\n\n\n<figure class=\"wp-block-video\"><\/figure>\n","protected":false},"excerpt":{"rendered":"<p>Un hombre fue cobijado con medida de aseguramiento en centro carcelario por su presunta responsabilidad en el intento de asesinato de un adolescente de 17 a\u00f1os, en hechos registrados el 27 de marzo de este a\u00f1o en Ginebra, Valle del Cauca. Seg\u00fan la Fiscal\u00eda, el ataque ocurri\u00f3 en una v\u00eda p\u00fablica, donde la v\u00edctima fue [&hellip;]<\/p>\n","protected":false},"author":3,"featured_media":36004,"comment_status":"open","ping_status":"open","sticky":false,"template":"","format":"video","meta":{"footnotes":""},"categories":[10],"tags":[],"class_list":["post-36003","post","type-post","status-publish","format-video","has-post-thumbnail","hentry","category-cnc-noticias-tulua","post_format-post-format-video"],"_links":{"self":[{"href":"https:\/\/cnctulua.tv\/index.php?rest_route=\/wp\/v2\/posts\/36003","targetHints":{"allow":["GET"]}}],"collection":[{"href":"https:\/\/cnctulua.tv\/index.php?rest_route=\/wp\/v2\/posts"}],"about":[{"href":"https:\/\/cnctulua.tv\/index.php?rest_route=\/wp\/v2\/types\/post"}],"author":[{"embeddable":true,"href":"https:\/\/cnctulua.tv\/index.php?rest_route=\/wp\/v2\/users\/3"}],"replies":[{"embeddable":true,"href":"https:\/\/cnctulua.tv\/index.php?rest_route=%2Fwp%2Fv2%2Fcomments&post=36003"}],"version-history":[{"count":1,"href":"https:\/\/cnctulua.tv\/index.php?rest_route=\/wp\/v2\/posts\/36003\/revisions"}],"predecessor-version":[{"id":36005,"href":"https:\/\/cnctulua.tv\/index.php?rest_route=\/wp\/v2\/posts\/36003\/revisions\/36005"}],"wp:featuredmedia":[{"embeddable":true,"href":"https:\/\/cnctulua.tv\/index.php?rest_route=\/wp\/v2\/media\/36004"}],"wp:attachment":[{"href":"https:\/\/cnctulua.tv\/index.php?rest_route=%2Fwp%2Fv2%2Fmedia&parent=36003"}],"wp:term":[{"taxonomy":"category","embeddable":true,"href":"https:\/\/cnctulua.tv\/index.php?rest_route=%2Fwp%2Fv2%2Fcategories&post=36003"},{"taxonomy":"post_tag","embeddable":true,"href":"https:\/\/cnctulua.tv\/index.php?rest_route=%2Fwp%2Fv2%2Ftags&post=36003"}],"curies":[{"name":"wp","href":"https:\/\/api.w.org\/{rel}","templated":true}]}}