{"id":36021,"date":"2025-08-13T16:45:48","date_gmt":"2025-08-13T16:45:48","guid":{"rendered":"https:\/\/cnctulua.tv\/?p=36021"},"modified":"2025-08-13T16:45:48","modified_gmt":"2025-08-13T16:45:48","slug":"ataque-con-drones-en-el-rio-naya-deja-tres-militares-muertos-y-cuatro-heridos","status":"publish","type":"post","link":"https:\/\/cnctulua.tv\/?p=36021","title":{"rendered":"Ataque con drones en el r\u00edo Naya deja tres militares muertos y cuatro heridos."},"content":{"rendered":"\n<p>La Armada de Colombia inform\u00f3 que una de sus unidades fluviales fue atacada en la vereda El Pastico, jurisdicci\u00f3n de Buenaventura, cuando realizaba operaciones conjuntas con el Ej\u00e9rcito Nacional para contrarrestar la presencia de grupos armados en el litoral Pac\u00edfico.<\/p>\n\n\n\n<figure class=\"wp-block-embed is-type-video is-provider-youtube wp-block-embed-youtube wp-embed-aspect-16-9 wp-has-aspect-ratio\"><div class=\"wp-block-embed__wrapper\">\n<iframe loading=\"lazy\" title=\"\ud83d\udea8 ATAQUE EN EL R\u00cdO NAYA \ud83d\udea8deja tres militares muertos.\" width=\"640\" height=\"360\" src=\"https:\/\/www.youtube.com\/embed\/DtPTwt6V__Q?feature=oembed\" frameborder=\"0\" allow=\"accelerometer; autoplay; clipboard-write; encrypted-media; gyroscope; picture-in-picture; web-share\" referrerpolicy=\"strict-origin-when-cross-origin\" allowfullscreen><\/iframe>\n<\/div><\/figure>\n\n\n\n<p>Seg\u00fan el comunicado oficial, el ataque, atribuido al Grupo Armado Organizado Residual (GAOr) \u201cJaime Mart\u00ednez\u201d, fue ejecutado mediante el uso de drones que lanzaron granadas tipo mortero sobre la embarcaci\u00f3n militar.<\/p>\n\n\n\n<p>El hecho dej\u00f3 como saldo la muerte de un suboficial y dos soldados profesionales del Ej\u00e9rcito Nacional, as\u00ed como cuatro uniformados heridos: dos Infantes de Marina de la Armada de Colombia y dos soldados profesionales del Ej\u00e9rcito Nacional.<\/p>\n\n\n\n<p>Los heridos fueron evacuados de manera inmediata por la Aviaci\u00f3n Naval hasta Buenaventura, donde recibieron atenci\u00f3n m\u00e9dica primaria, y posteriormente fueron trasladados a centros especializados en Cali.<\/p>\n\n\n\n<p>La Armada de Colombia expres\u00f3 su solidaridad con las familias de los fallecidos y rechaz\u00f3 el ataque, calific\u00e1ndolo como un acto terrorista contrario al Derecho Internacional Humanitario y los Derechos Humanos. Asimismo, anunci\u00f3 que interpondr\u00e1 la denuncia correspondiente ante las autoridades competentes y continuar\u00e1 acompa\u00f1ando a sus tripulantes y familias.<\/p>\n","protected":false},"excerpt":{"rendered":"<p>La Armada de Colombia inform\u00f3 que una de sus unidades fluviales fue atacada en la vereda El Pastico, jurisdicci\u00f3n de Buenaventura, cuando realizaba operaciones conjuntas con el Ej\u00e9rcito Nacional para contrarrestar la presencia de grupos armados en el litoral Pac\u00edfico. Seg\u00fan el comunicado oficial, el ataque, atribuido al Grupo Armado Organizado Residual (GAOr) \u201cJaime Mart\u00ednez\u201d, [&hellip;]<\/p>\n","protected":false},"author":3,"featured_media":36039,"comment_status":"open","ping_status":"open","sticky":false,"template":"","format":"video","meta":{"footnotes":""},"categories":[10,1515],"tags":[],"class_list":["post-36021","post","type-post","status-publish","format-video","has-post-thumbnail","hentry","category-cnc-noticias-tulua","category-cnc-tulua","post_format-post-format-video"],"_links":{"self":[{"href":"https:\/\/cnctulua.tv\/index.php?rest_route=\/wp\/v2\/posts\/36021","targetHints":{"allow":["GET"]}}],"collection":[{"href":"https:\/\/cnctulua.tv\/index.php?rest_route=\/wp\/v2\/posts"}],"about":[{"href":"https:\/\/cnctulua.tv\/index.php?rest_route=\/wp\/v2\/types\/post"}],"author":[{"embeddable":true,"href":"https:\/\/cnctulua.tv\/index.php?rest_route=\/wp\/v2\/users\/3"}],"replies":[{"embeddable":true,"href":"https:\/\/cnctulua.tv\/index.php?rest_route=%2Fwp%2Fv2%2Fcomments&post=36021"}],"version-history":[{"count":1,"href":"https:\/\/cnctulua.tv\/index.php?rest_route=\/wp\/v2\/posts\/36021\/revisions"}],"predecessor-version":[{"id":36040,"href":"https:\/\/cnctulua.tv\/index.php?rest_route=\/wp\/v2\/posts\/36021\/revisions\/36040"}],"wp:featuredmedia":[{"embeddable":true,"href":"https:\/\/cnctulua.tv\/index.php?rest_route=\/wp\/v2\/media\/36039"}],"wp:attachment":[{"href":"https:\/\/cnctulua.tv\/index.php?rest_route=%2Fwp%2Fv2%2Fmedia&parent=36021"}],"wp:term":[{"taxonomy":"category","embeddable":true,"href":"https:\/\/cnctulua.tv\/index.php?rest_route=%2Fwp%2Fv2%2Fcategories&post=36021"},{"taxonomy":"post_tag","embeddable":true,"href":"https:\/\/cnctulua.tv\/index.php?rest_route=%2Fwp%2Fv2%2Ftags&post=36021"}],"curies":[{"name":"wp","href":"https:\/\/api.w.org\/{rel}","templated":true}]}}