{"id":36029,"date":"2025-08-13T20:14:16","date_gmt":"2025-08-13T20:14:16","guid":{"rendered":"https:\/\/cnctulua.tv\/?p=36029"},"modified":"2025-08-13T20:49:39","modified_gmt":"2025-08-13T20:49:39","slug":"proyecto-reverdecer-fortalece-la-recuperacion-de-ecosistemas-en-el-valle-del-cauca","status":"publish","type":"post","link":"https:\/\/cnctulua.tv\/?p=36029","title":{"rendered":"Proyecto Reverdecer fortalece la recuperaci\u00f3n de ecosistemas en el Valle del Cauca."},"content":{"rendered":"\n<p>En el Valle del Cauca avanza la ejecuci\u00f3n del proyecto Reverdecer, una iniciativa orientada a la conservaci\u00f3n del bosque seco tropical y a la recuperaci\u00f3n de ecosistemas estrat\u00e9gicos con alta vulnerabilidad ambiental. La estrategia beneficiar\u00e1 directamente a 144 familias de los municipios de Dagua, La Cumbre y Vijes, quienes participar\u00e1n en procesos de regeneraci\u00f3n ambiental y fortalecimiento comunitario.<\/p>\n\n\n\n<figure class=\"wp-block-embed is-type-video is-provider-youtube wp-block-embed-youtube wp-embed-aspect-16-9 wp-has-aspect-ratio\"><div class=\"wp-block-embed__wrapper\">\n<iframe loading=\"lazy\" title=\"\ud83c\udfa5 Recuperar la naturaleza para asegurar el futuro con el Proyecto Reverdecer.\" width=\"640\" height=\"360\" src=\"https:\/\/www.youtube.com\/embed\/uO9WB9WHLS4?feature=oembed\" frameborder=\"0\" allow=\"accelerometer; autoplay; clipboard-write; encrypted-media; gyroscope; picture-in-picture; web-share\" referrerpolicy=\"strict-origin-when-cross-origin\" allowfullscreen><\/iframe>\n<\/div><\/figure>\n\n\n\n<p>De acuerdo con la administraci\u00f3n departamental, el plan contempla acciones para proteger fuentes h\u00eddricas, restaurar zonas de nacimiento de agua y mitigar los efectos del cambio clim\u00e1tico, articulando trabajo comunitario con pr\u00e1cticas sostenibles.<\/p>\n\n\n\n<figure class=\"wp-block-image size-large\"><img loading=\"lazy\" decoding=\"async\" width=\"1024\" height=\"506\" src=\"https:\/\/cnctulua.tv\/wp-content\/uploads\/2025\/08\/pory-1024x506.png\" alt=\"\" class=\"wp-image-36070\" srcset=\"https:\/\/cnctulua.tv\/wp-content\/uploads\/2025\/08\/pory-1024x506.png 1024w, https:\/\/cnctulua.tv\/wp-content\/uploads\/2025\/08\/pory-300x148.png 300w, https:\/\/cnctulua.tv\/wp-content\/uploads\/2025\/08\/pory-768x380.png 768w, https:\/\/cnctulua.tv\/wp-content\/uploads\/2025\/08\/pory.png 1129w\" sizes=\"auto, (max-width: 1024px) 100vw, 1024px\" \/><\/figure>\n\n\n\n<p>Habitantes de las zonas priorizadas han resaltado la importancia de este tipo de programas. En Vijes, algunos beneficiarios se\u00f1alan que la intervenci\u00f3n permitir\u00e1 garantizar la disponibilidad de agua para m\u00e1s de mil personas y mejorar las condiciones de las bocatomas. Otros participantes destacan la relevancia de promover conciencia ambiental y conservaci\u00f3n de las fuentes de agua frente a los impactos del cambio clim\u00e1tico.<\/p>\n\n\n\n<p>Con este tipo de proyectos, las autoridades buscan generar beneficios tanto para el medio ambiente como para las comunidades que dependen directamente de los recursos naturales de la regi\u00f3n.<\/p>\n","protected":false},"excerpt":{"rendered":"<p>En el Valle del Cauca avanza la ejecuci\u00f3n del proyecto Reverdecer, una iniciativa orientada a la conservaci\u00f3n del bosque seco tropical y a la recuperaci\u00f3n de ecosistemas estrat\u00e9gicos con alta vulnerabilidad ambiental. La estrategia beneficiar\u00e1 directamente a 144 familias de los municipios de Dagua, La Cumbre y Vijes, quienes participar\u00e1n en procesos de regeneraci\u00f3n ambiental [&hellip;]<\/p>\n","protected":false},"author":3,"featured_media":36069,"comment_status":"open","ping_status":"open","sticky":false,"template":"","format":"video","meta":{"footnotes":""},"categories":[10,1515],"tags":[],"class_list":["post-36029","post","type-post","status-publish","format-video","has-post-thumbnail","hentry","category-cnc-noticias-tulua","category-cnc-tulua","post_format-post-format-video"],"_links":{"self":[{"href":"https:\/\/cnctulua.tv\/index.php?rest_route=\/wp\/v2\/posts\/36029","targetHints":{"allow":["GET"]}}],"collection":[{"href":"https:\/\/cnctulua.tv\/index.php?rest_route=\/wp\/v2\/posts"}],"about":[{"href":"https:\/\/cnctulua.tv\/index.php?rest_route=\/wp\/v2\/types\/post"}],"author":[{"embeddable":true,"href":"https:\/\/cnctulua.tv\/index.php?rest_route=\/wp\/v2\/users\/3"}],"replies":[{"embeddable":true,"href":"https:\/\/cnctulua.tv\/index.php?rest_route=%2Fwp%2Fv2%2Fcomments&post=36029"}],"version-history":[{"count":2,"href":"https:\/\/cnctulua.tv\/index.php?rest_route=\/wp\/v2\/posts\/36029\/revisions"}],"predecessor-version":[{"id":36080,"href":"https:\/\/cnctulua.tv\/index.php?rest_route=\/wp\/v2\/posts\/36029\/revisions\/36080"}],"wp:featuredmedia":[{"embeddable":true,"href":"https:\/\/cnctulua.tv\/index.php?rest_route=\/wp\/v2\/media\/36069"}],"wp:attachment":[{"href":"https:\/\/cnctulua.tv\/index.php?rest_route=%2Fwp%2Fv2%2Fmedia&parent=36029"}],"wp:term":[{"taxonomy":"category","embeddable":true,"href":"https:\/\/cnctulua.tv\/index.php?rest_route=%2Fwp%2Fv2%2Fcategories&post=36029"},{"taxonomy":"post_tag","embeddable":true,"href":"https:\/\/cnctulua.tv\/index.php?rest_route=%2Fwp%2Fv2%2Ftags&post=36029"}],"curies":[{"name":"wp","href":"https:\/\/api.w.org\/{rel}","templated":true}]}}