{"id":36086,"date":"2025-08-14T18:03:58","date_gmt":"2025-08-14T18:03:58","guid":{"rendered":"https:\/\/cnctulua.tv\/?p=36086"},"modified":"2025-08-14T18:03:58","modified_gmt":"2025-08-14T18:03:58","slug":"la-caracterizacion-de-habitantes-de-calle-debe-ir-mas-alla-del-asistencialismo-secretario-de-gobierno-de-tulua","status":"publish","type":"post","link":"https:\/\/cnctulua.tv\/?p=36086","title":{"rendered":"\u201cLa caracterizaci\u00f3n de habitantes de calle debe ir m\u00e1s all\u00e1 del asistencialismo\u201d: Secretario de Gobierno de Tulu\u00e1."},"content":{"rendered":"\n<p>En Tulu\u00e1, la Secretar\u00eda de Gobierno, Convivencia y Seguridad adelant\u00f3 una nueva jornada de caracterizaci\u00f3n de habitantes de calle en la zona de la galer\u00eda.<\/p>\n\n\n\n<figure class=\"wp-block-embed is-type-video is-provider-youtube wp-block-embed-youtube wp-embed-aspect-16-9 wp-has-aspect-ratio\"><div class=\"wp-block-embed__wrapper\">\n<iframe loading=\"lazy\" title=\"\ud83c\udfa5 En Tulu\u00e1, la administraci\u00f3n municipal avanza en la caracterizaci\u00f3n de habitantes de calle.\" width=\"640\" height=\"360\" src=\"https:\/\/www.youtube.com\/embed\/WxzFBr1n8OM?feature=oembed\" frameborder=\"0\" allow=\"accelerometer; autoplay; clipboard-write; encrypted-media; gyroscope; picture-in-picture; web-share\" referrerpolicy=\"strict-origin-when-cross-origin\" allowfullscreen><\/iframe>\n<\/div><\/figure>\n\n\n\n<p>El secretario de Gobierno, Jos\u00e9 Mart\u00edn Hincapi\u00e9 \u00c1lvarez, explic\u00f3 que este trabajo hace parte de un plan integral definido en el Plan de Desarrollo: \u201cNo se puede seguir tratando el tema de los habitantes de calle de una manera simplemente asistencial, es decir, reunirnos para darles una alimentaci\u00f3n, un ba\u00f1o y pare de contar. Hay que ir m\u00e1s all\u00e1 con ellos\u201d.<\/p>\n\n\n\n<figure class=\"wp-block-image size-full\"><img loading=\"lazy\" decoding=\"async\" width=\"1016\" height=\"541\" src=\"https:\/\/cnctulua.tv\/wp-content\/uploads\/2025\/08\/carac.png\" alt=\"\" class=\"wp-image-36112\" srcset=\"https:\/\/cnctulua.tv\/wp-content\/uploads\/2025\/08\/carac.png 1016w, https:\/\/cnctulua.tv\/wp-content\/uploads\/2025\/08\/carac-300x160.png 300w, https:\/\/cnctulua.tv\/wp-content\/uploads\/2025\/08\/carac-768x409.png 768w\" sizes=\"auto, (max-width: 1016px) 100vw, 1016px\" \/><\/figure>\n\n\n\n<p>Seg\u00fan la caracterizaci\u00f3n, en el municipio hay cerca de 250 personas en condici\u00f3n de calle, de las cuales \u201cel 85% son personas de otros municipios y especialmente de otros departamentos de Colombia y personas de nacionalidad extranjera\u201d.<\/p>\n\n\n\n<p>Durante la actividad, que cont\u00f3 con la participaci\u00f3n de la Polic\u00eda Nacional y equipos psicosociales, se encontraron armas blancas como cuchillos, punzones y varillas. Al respecto, el funcionario se\u00f1al\u00f3: \u201cCuando se aborda a una persona habitante de calle, hay que adoptar medidas de seguridad, porque muchas de ellas cargan armas cortopunzantes que pueden atentar contra la integridad de otros\u201d.<\/p>\n\n\n\n<p>Finalmente, Hincapi\u00e9 \u00c1lvarez hizo un llamado a la ciudadan\u00eda: \u201cNo podemos seguir alimentando la mendicidad\u2026 la invitaci\u00f3n es a que los ciudadanos se sumen institucionalmente al trabajo que estamos adelantando para que esos resultados sean m\u00e1s integrales\u201d.<\/p>\n","protected":false},"excerpt":{"rendered":"<p>En Tulu\u00e1, la Secretar\u00eda de Gobierno, Convivencia y Seguridad adelant\u00f3 una nueva jornada de caracterizaci\u00f3n de habitantes de calle en la zona de la galer\u00eda. El secretario de Gobierno, Jos\u00e9 Mart\u00edn Hincapi\u00e9 \u00c1lvarez, explic\u00f3 que este trabajo hace parte de un plan integral definido en el Plan de Desarrollo: \u201cNo se puede seguir tratando el [&hellip;]<\/p>\n","protected":false},"author":3,"featured_media":36111,"comment_status":"open","ping_status":"open","sticky":false,"template":"","format":"video","meta":{"footnotes":""},"categories":[10,1515],"tags":[],"class_list":["post-36086","post","type-post","status-publish","format-video","has-post-thumbnail","hentry","category-cnc-noticias-tulua","category-cnc-tulua","post_format-post-format-video"],"_links":{"self":[{"href":"https:\/\/cnctulua.tv\/index.php?rest_route=\/wp\/v2\/posts\/36086","targetHints":{"allow":["GET"]}}],"collection":[{"href":"https:\/\/cnctulua.tv\/index.php?rest_route=\/wp\/v2\/posts"}],"about":[{"href":"https:\/\/cnctulua.tv\/index.php?rest_route=\/wp\/v2\/types\/post"}],"author":[{"embeddable":true,"href":"https:\/\/cnctulua.tv\/index.php?rest_route=\/wp\/v2\/users\/3"}],"replies":[{"embeddable":true,"href":"https:\/\/cnctulua.tv\/index.php?rest_route=%2Fwp%2Fv2%2Fcomments&post=36086"}],"version-history":[{"count":1,"href":"https:\/\/cnctulua.tv\/index.php?rest_route=\/wp\/v2\/posts\/36086\/revisions"}],"predecessor-version":[{"id":36113,"href":"https:\/\/cnctulua.tv\/index.php?rest_route=\/wp\/v2\/posts\/36086\/revisions\/36113"}],"wp:featuredmedia":[{"embeddable":true,"href":"https:\/\/cnctulua.tv\/index.php?rest_route=\/wp\/v2\/media\/36111"}],"wp:attachment":[{"href":"https:\/\/cnctulua.tv\/index.php?rest_route=%2Fwp%2Fv2%2Fmedia&parent=36086"}],"wp:term":[{"taxonomy":"category","embeddable":true,"href":"https:\/\/cnctulua.tv\/index.php?rest_route=%2Fwp%2Fv2%2Fcategories&post=36086"},{"taxonomy":"post_tag","embeddable":true,"href":"https:\/\/cnctulua.tv\/index.php?rest_route=%2Fwp%2Fv2%2Ftags&post=36086"}],"curies":[{"name":"wp","href":"https:\/\/api.w.org\/{rel}","templated":true}]}}