{"id":36092,"date":"2025-08-14T19:15:31","date_gmt":"2025-08-14T19:15:31","guid":{"rendered":"https:\/\/cnctulua.tv\/?p=36092"},"modified":"2025-08-14T19:15:31","modified_gmt":"2025-08-14T19:15:31","slug":"festival-departamental-de-cometas-se-vivira-este-24-de-agosto-en-el-cerrito","status":"publish","type":"post","link":"https:\/\/cnctulua.tv\/?p=36092","title":{"rendered":"Festival Departamental de Cometas se vivir\u00e1 este 24 de agosto en El Cerrito."},"content":{"rendered":"\n<p>Este s\u00e1bado 24 de agosto, el municipio de El Cerrito ser\u00e1 el epicentro del Festival Departamental de Cometas, organizado por la Gobernaci\u00f3n del Valle y la Alcald\u00eda local. La actividad se desarrollar\u00e1 en la Hacienda El Para\u00edso, de 11:00 a.m. a 7:30 p.m., con entrada libre para todos los asistentes.<\/p>\n\n\n\n<figure class=\"wp-block-embed is-type-video is-provider-youtube wp-block-embed-youtube wp-embed-aspect-16-9 wp-has-aspect-ratio\"><div class=\"wp-block-embed__wrapper\">\n<iframe loading=\"lazy\" title=\"\ud83e\ude81 El Valle se llenar\u00e1 de color en el Festival Departamental de Cometas, este 24 de agosto.\" width=\"640\" height=\"360\" src=\"https:\/\/www.youtube.com\/embed\/NI6rvl5wehQ?feature=oembed\" frameborder=\"0\" allow=\"accelerometer; autoplay; clipboard-write; encrypted-media; gyroscope; picture-in-picture; web-share\" referrerpolicy=\"strict-origin-when-cross-origin\" allowfullscreen><\/iframe>\n<\/div><\/figure>\n\n\n\n<p>El evento contar\u00e1 con presentaciones art\u00edsticas, actividades culturales y recreativas, adem\u00e1s de un concurso que premiar\u00e1 categor\u00edas como la cometa m\u00e1s peque\u00f1a, la m\u00e1s creativa, la ecol\u00f3gica y la que vuele m\u00e1s alto. La cometa m\u00e1s grande recibir\u00e1 un mill\u00f3n de pesos.<\/p>\n\n\n\n<figure class=\"wp-block-image size-full\"><img loading=\"lazy\" decoding=\"async\" width=\"889\" height=\"559\" src=\"https:\/\/cnctulua.tv\/wp-content\/uploads\/2025\/08\/come.png\" alt=\"\" class=\"wp-image-36124\" srcset=\"https:\/\/cnctulua.tv\/wp-content\/uploads\/2025\/08\/come.png 889w, https:\/\/cnctulua.tv\/wp-content\/uploads\/2025\/08\/come-300x189.png 300w, https:\/\/cnctulua.tv\/wp-content\/uploads\/2025\/08\/come-768x483.png 768w\" sizes=\"auto, (max-width: 889px) 100vw, 889px\" \/><\/figure>\n\n\n\n<p>Las inscripciones para participar en el concurso se realizar\u00e1n el mismo d\u00eda del evento.<\/p>\n\n\n\n<p>Organizadores y autoridades resaltaron que esta jornada busca preservar las tradiciones del departamento, promover la creatividad y generar espacios de integraci\u00f3n para las familias vallecaucanas.<\/p>\n","protected":false},"excerpt":{"rendered":"<p>Este s\u00e1bado 24 de agosto, el municipio de El Cerrito ser\u00e1 el epicentro del Festival Departamental de Cometas, organizado por la Gobernaci\u00f3n del Valle y la Alcald\u00eda local. La actividad se desarrollar\u00e1 en la Hacienda El Para\u00edso, de 11:00 a.m. a 7:30 p.m., con entrada libre para todos los asistentes. El evento contar\u00e1 con presentaciones [&hellip;]<\/p>\n","protected":false},"author":3,"featured_media":36122,"comment_status":"open","ping_status":"open","sticky":false,"template":"","format":"video","meta":{"footnotes":""},"categories":[10,1515],"tags":[],"class_list":["post-36092","post","type-post","status-publish","format-video","has-post-thumbnail","hentry","category-cnc-noticias-tulua","category-cnc-tulua","post_format-post-format-video"],"_links":{"self":[{"href":"https:\/\/cnctulua.tv\/index.php?rest_route=\/wp\/v2\/posts\/36092","targetHints":{"allow":["GET"]}}],"collection":[{"href":"https:\/\/cnctulua.tv\/index.php?rest_route=\/wp\/v2\/posts"}],"about":[{"href":"https:\/\/cnctulua.tv\/index.php?rest_route=\/wp\/v2\/types\/post"}],"author":[{"embeddable":true,"href":"https:\/\/cnctulua.tv\/index.php?rest_route=\/wp\/v2\/users\/3"}],"replies":[{"embeddable":true,"href":"https:\/\/cnctulua.tv\/index.php?rest_route=%2Fwp%2Fv2%2Fcomments&post=36092"}],"version-history":[{"count":1,"href":"https:\/\/cnctulua.tv\/index.php?rest_route=\/wp\/v2\/posts\/36092\/revisions"}],"predecessor-version":[{"id":36126,"href":"https:\/\/cnctulua.tv\/index.php?rest_route=\/wp\/v2\/posts\/36092\/revisions\/36126"}],"wp:featuredmedia":[{"embeddable":true,"href":"https:\/\/cnctulua.tv\/index.php?rest_route=\/wp\/v2\/media\/36122"}],"wp:attachment":[{"href":"https:\/\/cnctulua.tv\/index.php?rest_route=%2Fwp%2Fv2%2Fmedia&parent=36092"}],"wp:term":[{"taxonomy":"category","embeddable":true,"href":"https:\/\/cnctulua.tv\/index.php?rest_route=%2Fwp%2Fv2%2Fcategories&post=36092"},{"taxonomy":"post_tag","embeddable":true,"href":"https:\/\/cnctulua.tv\/index.php?rest_route=%2Fwp%2Fv2%2Ftags&post=36092"}],"curies":[{"name":"wp","href":"https:\/\/api.w.org\/{rel}","templated":true}]}}