{"id":36134,"date":"2025-08-15T16:02:10","date_gmt":"2025-08-15T16:02:10","guid":{"rendered":"https:\/\/cnctulua.tv\/?p=36134"},"modified":"2025-08-15T16:02:10","modified_gmt":"2025-08-15T16:02:10","slug":"capturado-en-el-norte-de-cali-con-un-fusil-y-un-revolver","status":"publish","type":"post","link":"https:\/\/cnctulua.tv\/?p=36134","title":{"rendered":"Capturado en el norte de Cali con un fusil y un rev\u00f3lver."},"content":{"rendered":"\n<p>En el barrio La Flora, norte de Cali, la Polic\u00eda Nacional captur\u00f3 a un hombre de 33 a\u00f1os que portaba un fusil calibre 5.56 y un rev\u00f3lver con seis cartuchos.<\/p>\n\n\n\n<figure class=\"wp-block-embed is-type-video is-provider-youtube wp-block-embed-youtube wp-embed-aspect-16-9 wp-has-aspect-ratio\"><div class=\"wp-block-embed__wrapper\">\n<iframe loading=\"lazy\" title=\"\ud83d\ude94 Capturado un hombre con fusil y rev\u00f3lver en el norte de Cali. \ud83d\ude94\" width=\"640\" height=\"360\" src=\"https:\/\/www.youtube.com\/embed\/Jdv75kRn8ys?feature=oembed\" frameborder=\"0\" allow=\"accelerometer; autoplay; clipboard-write; encrypted-media; gyroscope; picture-in-picture; web-share\" referrerpolicy=\"strict-origin-when-cross-origin\" allowfullscreen><\/iframe>\n<\/div><\/figure>\n\n\n\n<p>El procedimiento se realiz\u00f3 en la Avenida Sexta Norte durante un operativo de control y prevenci\u00f3n del delito. <\/p>\n\n\n\n<p>Seg\u00fan el informe, el hombre ocultaba el rev\u00f3lver en la pretina del pantal\u00f3n y transportaba el fusil en un malet\u00edn junto con un proveedor para el arma larga. El capturado fue puesto a disposici\u00f3n de la Fiscal\u00eda General de la Naci\u00f3n por porte ilegal de<\/p>\n","protected":false},"excerpt":{"rendered":"<p>En el barrio La Flora, norte de Cali, la Polic\u00eda Nacional captur\u00f3 a un hombre de 33 a\u00f1os que portaba un fusil calibre 5.56 y un rev\u00f3lver con seis cartuchos. El procedimiento se realiz\u00f3 en la Avenida Sexta Norte durante un operativo de control y prevenci\u00f3n del delito. Seg\u00fan el informe, el hombre ocultaba el [&hellip;]<\/p>\n","protected":false},"author":3,"featured_media":36150,"comment_status":"open","ping_status":"open","sticky":false,"template":"","format":"video","meta":{"footnotes":""},"categories":[10,1515],"tags":[],"class_list":["post-36134","post","type-post","status-publish","format-video","has-post-thumbnail","hentry","category-cnc-noticias-tulua","category-cnc-tulua","post_format-post-format-video"],"_links":{"self":[{"href":"https:\/\/cnctulua.tv\/index.php?rest_route=\/wp\/v2\/posts\/36134","targetHints":{"allow":["GET"]}}],"collection":[{"href":"https:\/\/cnctulua.tv\/index.php?rest_route=\/wp\/v2\/posts"}],"about":[{"href":"https:\/\/cnctulua.tv\/index.php?rest_route=\/wp\/v2\/types\/post"}],"author":[{"embeddable":true,"href":"https:\/\/cnctulua.tv\/index.php?rest_route=\/wp\/v2\/users\/3"}],"replies":[{"embeddable":true,"href":"https:\/\/cnctulua.tv\/index.php?rest_route=%2Fwp%2Fv2%2Fcomments&post=36134"}],"version-history":[{"count":1,"href":"https:\/\/cnctulua.tv\/index.php?rest_route=\/wp\/v2\/posts\/36134\/revisions"}],"predecessor-version":[{"id":36151,"href":"https:\/\/cnctulua.tv\/index.php?rest_route=\/wp\/v2\/posts\/36134\/revisions\/36151"}],"wp:featuredmedia":[{"embeddable":true,"href":"https:\/\/cnctulua.tv\/index.php?rest_route=\/wp\/v2\/media\/36150"}],"wp:attachment":[{"href":"https:\/\/cnctulua.tv\/index.php?rest_route=%2Fwp%2Fv2%2Fmedia&parent=36134"}],"wp:term":[{"taxonomy":"category","embeddable":true,"href":"https:\/\/cnctulua.tv\/index.php?rest_route=%2Fwp%2Fv2%2Fcategories&post=36134"},{"taxonomy":"post_tag","embeddable":true,"href":"https:\/\/cnctulua.tv\/index.php?rest_route=%2Fwp%2Fv2%2Ftags&post=36134"}],"curies":[{"name":"wp","href":"https:\/\/api.w.org\/{rel}","templated":true}]}}