{"id":36139,"date":"2025-08-15T17:11:28","date_gmt":"2025-08-15T17:11:28","guid":{"rendered":"https:\/\/cnctulua.tv\/?p=36139"},"modified":"2025-08-15T17:11:28","modified_gmt":"2025-08-15T17:11:28","slug":"secuestro-en-sevilla-medica-sigue-retenida-mientras-sus-hijos-son-liberados","status":"publish","type":"post","link":"https:\/\/cnctulua.tv\/?p=36139","title":{"rendered":"Secuestro en Sevilla: m\u00e9dica sigue retenida mientras sus hijos son liberados."},"content":{"rendered":"\n<p>Este jueves 14 de agosto, Daniela Hern\u00e1ndez Montoya, m\u00e9dica y empresaria del municipio de Sevilla, Valle del Cauca, fue secuestrada mientras recog\u00eda a sus hijos en el colegio.<\/p>\n\n\n\n<figure class=\"wp-block-embed is-type-video is-provider-youtube wp-block-embed-youtube wp-embed-aspect-16-9 wp-has-aspect-ratio\"><div class=\"wp-block-embed__wrapper\">\n<iframe loading=\"lazy\" title=\"\ud83d\udea8 Secuestro en Sevilla, Valle del Cauca \ud83d\udea8 Autoridades investigan el caso.\" width=\"640\" height=\"360\" src=\"https:\/\/www.youtube.com\/embed\/C6iC44g85IU?feature=oembed\" frameborder=\"0\" allow=\"accelerometer; autoplay; clipboard-write; encrypted-media; gyroscope; picture-in-picture; web-share\" referrerpolicy=\"strict-origin-when-cross-origin\" allowfullscreen><\/iframe>\n<\/div><\/figure>\n\n\n\n<p>Los menores, de cuatro y ocho a\u00f1os, fueron liberados y permanecen bajo custodia de las autoridades judiciales. La madre sigue retenida por los secuestradores, quienes son activamente buscados por la Polic\u00eda Valle.<\/p>\n\n\n\n<p>Hern\u00e1ndez Montoya trabaja en el Hospital Centenario y es reconocida por su trayectoria profesional y empresarial en la regi\u00f3n. Hasta el momento, las autoridades han entregado informaci\u00f3n limitada sobre el caso, asegurando que contin\u00faan investigando las circunstancias del secuestro.<\/p>\n\n\n\n<p>El departamento del Valle del Cauca enfrenta retos de seguridad por la presencia de grupos armados ilegales, lo que dificulta los operativos de rescate y prevenci\u00f3n de este tipo de delitos.<\/p>\n","protected":false},"excerpt":{"rendered":"<p>Este jueves 14 de agosto, Daniela Hern\u00e1ndez Montoya, m\u00e9dica y empresaria del municipio de Sevilla, Valle del Cauca, fue secuestrada mientras recog\u00eda a sus hijos en el colegio. Los menores, de cuatro y ocho a\u00f1os, fueron liberados y permanecen bajo custodia de las autoridades judiciales. La madre sigue retenida por los secuestradores, quienes son activamente [&hellip;]<\/p>\n","protected":false},"author":3,"featured_media":36163,"comment_status":"open","ping_status":"open","sticky":false,"template":"","format":"video","meta":{"footnotes":""},"categories":[1],"tags":[],"class_list":["post-36139","post","type-post","status-publish","format-video","has-post-thumbnail","hentry","category-uncategorized","post_format-post-format-video"],"_links":{"self":[{"href":"https:\/\/cnctulua.tv\/index.php?rest_route=\/wp\/v2\/posts\/36139","targetHints":{"allow":["GET"]}}],"collection":[{"href":"https:\/\/cnctulua.tv\/index.php?rest_route=\/wp\/v2\/posts"}],"about":[{"href":"https:\/\/cnctulua.tv\/index.php?rest_route=\/wp\/v2\/types\/post"}],"author":[{"embeddable":true,"href":"https:\/\/cnctulua.tv\/index.php?rest_route=\/wp\/v2\/users\/3"}],"replies":[{"embeddable":true,"href":"https:\/\/cnctulua.tv\/index.php?rest_route=%2Fwp%2Fv2%2Fcomments&post=36139"}],"version-history":[{"count":1,"href":"https:\/\/cnctulua.tv\/index.php?rest_route=\/wp\/v2\/posts\/36139\/revisions"}],"predecessor-version":[{"id":36164,"href":"https:\/\/cnctulua.tv\/index.php?rest_route=\/wp\/v2\/posts\/36139\/revisions\/36164"}],"wp:featuredmedia":[{"embeddable":true,"href":"https:\/\/cnctulua.tv\/index.php?rest_route=\/wp\/v2\/media\/36163"}],"wp:attachment":[{"href":"https:\/\/cnctulua.tv\/index.php?rest_route=%2Fwp%2Fv2%2Fmedia&parent=36139"}],"wp:term":[{"taxonomy":"category","embeddable":true,"href":"https:\/\/cnctulua.tv\/index.php?rest_route=%2Fwp%2Fv2%2Fcategories&post=36139"},{"taxonomy":"post_tag","embeddable":true,"href":"https:\/\/cnctulua.tv\/index.php?rest_route=%2Fwp%2Fv2%2Ftags&post=36139"}],"curies":[{"name":"wp","href":"https:\/\/api.w.org\/{rel}","templated":true}]}}