{"id":36142,"date":"2025-08-15T18:05:50","date_gmt":"2025-08-15T18:05:50","guid":{"rendered":"https:\/\/cnctulua.tv\/?p=36142"},"modified":"2025-08-15T18:05:50","modified_gmt":"2025-08-15T18:05:50","slug":"america-de-cali-cae-ante-pereira-y-sigue-sin-sumar-de-a-tres-en-la-liga","status":"publish","type":"post","link":"https:\/\/cnctulua.tv\/?p=36142","title":{"rendered":"Am\u00e9rica de Cali cae ante Pereira y sigue sin sumar de a tres en la Liga."},"content":{"rendered":"\n<p>Por la s\u00e9ptima fecha del torneo de finalizaci\u00f3n, Am\u00e9rica de Cali perdi\u00f3 2-1 frente a Deportivo Pereira en el estadio Hern\u00e1n Ram\u00edrez Villegas. El equipo escarlata no logr\u00f3 imponerse en el juego y contin\u00faa sin encontrar regularidad en el campeonato.<\/p>\n\n\n\n<figure class=\"wp-block-embed is-type-video is-provider-youtube wp-block-embed-youtube wp-embed-aspect-16-9 wp-has-aspect-ratio\"><div class=\"wp-block-embed__wrapper\">\n<iframe loading=\"lazy\" title=\"Derrota 2-1 de Am\u00e9rica ante Pereira \u26bd marcada por la expulsi\u00f3n de Mosquera y falta de regularidad. \ud83d\udd34\" width=\"640\" height=\"360\" src=\"https:\/\/www.youtube.com\/embed\/y0WwxCOgABw?feature=oembed\" frameborder=\"0\" allow=\"accelerometer; autoplay; clipboard-write; encrypted-media; gyroscope; picture-in-picture; web-share\" referrerpolicy=\"strict-origin-when-cross-origin\" allowfullscreen><\/iframe>\n<\/div><\/figure>\n\n\n\n<p>El compromiso estuvo marcado por la expulsi\u00f3n de Andr\u00e9s Mosquera, que dej\u00f3 a los \u2018diablos rojos\u2019 con un hombre menos en el segundo tiempo. El t\u00e9cnico Diego Gabriel Raimondi asegur\u00f3 que esa situaci\u00f3n fue determinante para el resultado final y cuestion\u00f3 algunas decisiones arbitrales.<\/p>\n\n\n\n<figure class=\"wp-block-image size-large\"><img loading=\"lazy\" decoding=\"async\" width=\"1024\" height=\"474\" src=\"https:\/\/cnctulua.tv\/wp-content\/uploads\/2025\/08\/PERE-IRA-1024x474.png\" alt=\"\" class=\"wp-image-36174\" srcset=\"https:\/\/cnctulua.tv\/wp-content\/uploads\/2025\/08\/PERE-IRA-1024x474.png 1024w, https:\/\/cnctulua.tv\/wp-content\/uploads\/2025\/08\/PERE-IRA-300x139.png 300w, https:\/\/cnctulua.tv\/wp-content\/uploads\/2025\/08\/PERE-IRA-768x355.png 768w, https:\/\/cnctulua.tv\/wp-content\/uploads\/2025\/08\/PERE-IRA.png 1172w\" sizes=\"auto, (max-width: 1024px) 100vw, 1024px\" \/><\/figure>\n\n\n\n<p>\u201cAs\u00ed como nos evaluamos nosotros, tambi\u00e9n hay que evaluar al cuerpo arbitral. Un hombre menos cambia todo el partido\u201d, expres\u00f3 Raimondi.<\/p>\n\n\n\n<p>A pesar de la desventaja num\u00e9rica, Am\u00e9rica descont\u00f3 sobre el final y dej\u00f3 la sensaci\u00f3n de que pudo haber igualado si el gol llegaba antes. Mosquera, por su parte, hizo un llamado a la calma y la autocr\u00edtica dentro del plantel.<\/p>\n\n\n\n<p>El pr\u00f3ximo reto de Am\u00e9rica ser\u00e1 el martes, en un partido clave para recuperar la confianza y responder a una hinchada que contin\u00faa respaldando al equipo a pesar de los resultados.<\/p>\n","protected":false},"excerpt":{"rendered":"<p>Por la s\u00e9ptima fecha del torneo de finalizaci\u00f3n, Am\u00e9rica de Cali perdi\u00f3 2-1 frente a Deportivo Pereira en el estadio Hern\u00e1n Ram\u00edrez Villegas. El equipo escarlata no logr\u00f3 imponerse en el juego y contin\u00faa sin encontrar regularidad en el campeonato. El compromiso estuvo marcado por la expulsi\u00f3n de Andr\u00e9s Mosquera, que dej\u00f3 a los \u2018diablos [&hellip;]<\/p>\n","protected":false},"author":3,"featured_media":36173,"comment_status":"open","ping_status":"open","sticky":false,"template":"","format":"video","meta":{"footnotes":""},"categories":[10,1515],"tags":[],"class_list":["post-36142","post","type-post","status-publish","format-video","has-post-thumbnail","hentry","category-cnc-noticias-tulua","category-cnc-tulua","post_format-post-format-video"],"_links":{"self":[{"href":"https:\/\/cnctulua.tv\/index.php?rest_route=\/wp\/v2\/posts\/36142","targetHints":{"allow":["GET"]}}],"collection":[{"href":"https:\/\/cnctulua.tv\/index.php?rest_route=\/wp\/v2\/posts"}],"about":[{"href":"https:\/\/cnctulua.tv\/index.php?rest_route=\/wp\/v2\/types\/post"}],"author":[{"embeddable":true,"href":"https:\/\/cnctulua.tv\/index.php?rest_route=\/wp\/v2\/users\/3"}],"replies":[{"embeddable":true,"href":"https:\/\/cnctulua.tv\/index.php?rest_route=%2Fwp%2Fv2%2Fcomments&post=36142"}],"version-history":[{"count":1,"href":"https:\/\/cnctulua.tv\/index.php?rest_route=\/wp\/v2\/posts\/36142\/revisions"}],"predecessor-version":[{"id":36175,"href":"https:\/\/cnctulua.tv\/index.php?rest_route=\/wp\/v2\/posts\/36142\/revisions\/36175"}],"wp:featuredmedia":[{"embeddable":true,"href":"https:\/\/cnctulua.tv\/index.php?rest_route=\/wp\/v2\/media\/36173"}],"wp:attachment":[{"href":"https:\/\/cnctulua.tv\/index.php?rest_route=%2Fwp%2Fv2%2Fmedia&parent=36142"}],"wp:term":[{"taxonomy":"category","embeddable":true,"href":"https:\/\/cnctulua.tv\/index.php?rest_route=%2Fwp%2Fv2%2Fcategories&post=36142"},{"taxonomy":"post_tag","embeddable":true,"href":"https:\/\/cnctulua.tv\/index.php?rest_route=%2Fwp%2Fv2%2Ftags&post=36142"}],"curies":[{"name":"wp","href":"https:\/\/api.w.org\/{rel}","templated":true}]}}