{"id":36144,"date":"2025-08-15T18:37:13","date_gmt":"2025-08-15T18:37:13","guid":{"rendered":"https:\/\/cnctulua.tv\/?p=36144"},"modified":"2025-08-15T18:37:13","modified_gmt":"2025-08-15T18:37:13","slug":"dos-homicidios-con-arma-de-fuego-en-andalucia-y-cartago-son-materia-de-investigacion","status":"publish","type":"post","link":"https:\/\/cnctulua.tv\/?p=36144","title":{"rendered":"Dos homicidios con arma de fuego en Andaluc\u00eda y Cartago son materia de investigaci\u00f3n."},"content":{"rendered":"\n<p>Las autoridades del Valle del Cauca adelantan investigaciones por dos homicidios registrados en las \u00faltimas horas en los municipios de Andaluc\u00eda y Cartago.<\/p>\n\n\n\n<figure class=\"wp-block-embed is-type-video is-provider-youtube wp-block-embed-youtube wp-embed-aspect-16-9 wp-has-aspect-ratio\"><div class=\"wp-block-embed__wrapper\">\n<iframe loading=\"lazy\" title=\"\ud83d\udd34 Judicial | Dos homicidios con arma de fuego en Andaluc\u00eda y Cartago.\" width=\"640\" height=\"360\" src=\"https:\/\/www.youtube.com\/embed\/795jg6cQwaA?feature=oembed\" frameborder=\"0\" allow=\"accelerometer; autoplay; clipboard-write; encrypted-media; gyroscope; picture-in-picture; web-share\" referrerpolicy=\"strict-origin-when-cross-origin\" allowfullscreen><\/iframe>\n<\/div><\/figure>\n\n\n\n<p>En Andaluc\u00eda, un atentado sicarial cobr\u00f3 la vida de Santiago Pe\u00f1a Garz\u00f3n. El hecho ocurri\u00f3 en la ma\u00f1ana de este viernes, cuando la v\u00edctima se desplazaba en una motocicleta de placas RXU57H por el cruce que comunica Campo Alegre con Zanj\u00f3n de Piedra, en la vereda Tamboral. Seg\u00fan el informe preliminar, dos sujetos armados lo interceptaron y le dispararon en repetidas oportunidades.<\/p>\n\n\n\n<figure class=\"wp-block-image size-full\"><img loading=\"lazy\" decoding=\"async\" width=\"930\" height=\"540\" src=\"https:\/\/cnctulua.tv\/wp-content\/uploads\/2025\/08\/muertes-andalucia.png\" alt=\"\" class=\"wp-image-36180\" srcset=\"https:\/\/cnctulua.tv\/wp-content\/uploads\/2025\/08\/muertes-andalucia.png 930w, https:\/\/cnctulua.tv\/wp-content\/uploads\/2025\/08\/muertes-andalucia-300x174.png 300w, https:\/\/cnctulua.tv\/wp-content\/uploads\/2025\/08\/muertes-andalucia-768x446.png 768w\" sizes=\"auto, (max-width: 930px) 100vw, 930px\" \/><\/figure>\n\n\n\n<p>Unidades de la Polic\u00eda Nacional, el CTI de la Fiscal\u00eda y la SIJIN realizaron la inspecci\u00f3n t\u00e9cnica al cad\u00e1ver y la recolecci\u00f3n de elementos probatorios.<\/p>\n\n\n\n<figure class=\"wp-block-image size-full\"><img loading=\"lazy\" decoding=\"async\" width=\"851\" height=\"555\" src=\"https:\/\/cnctulua.tv\/wp-content\/uploads\/2025\/08\/muer-andalu.png\" alt=\"\" class=\"wp-image-36181\" srcset=\"https:\/\/cnctulua.tv\/wp-content\/uploads\/2025\/08\/muer-andalu.png 851w, https:\/\/cnctulua.tv\/wp-content\/uploads\/2025\/08\/muer-andalu-300x196.png 300w, https:\/\/cnctulua.tv\/wp-content\/uploads\/2025\/08\/muer-andalu-768x501.png 768w\" sizes=\"auto, (max-width: 851px) 100vw, 851px\" \/><\/figure>\n\n\n\n<p>Por su parte, en Cartago, en la carrera 2, barrio La Arenera, fue asesinado con arma de fuego Fredy Pati\u00f1o Aguirre, de 52 a\u00f1os. Personal de la SIJIN realiz\u00f3 la inspecci\u00f3n t\u00e9cnica del cuerpo e inici\u00f3 las indagaciones para determinar las causas y autores de este crimen.<\/p>\n\n\n\n<p>Ambos casos est\u00e1n bajo investigaci\u00f3n, y las autoridades invitan a la comunidad a suministrar informaci\u00f3n que permita identificar y capturar a los responsables.<\/p>\n","protected":false},"excerpt":{"rendered":"<p>Las autoridades del Valle del Cauca adelantan investigaciones por dos homicidios registrados en las \u00faltimas horas en los municipios de Andaluc\u00eda y Cartago. En Andaluc\u00eda, un atentado sicarial cobr\u00f3 la vida de Santiago Pe\u00f1a Garz\u00f3n. El hecho ocurri\u00f3 en la ma\u00f1ana de este viernes, cuando la v\u00edctima se desplazaba en una motocicleta de placas RXU57H [&hellip;]<\/p>\n","protected":false},"author":3,"featured_media":36179,"comment_status":"open","ping_status":"open","sticky":false,"template":"","format":"video","meta":{"footnotes":""},"categories":[10,1515],"tags":[],"class_list":["post-36144","post","type-post","status-publish","format-video","has-post-thumbnail","hentry","category-cnc-noticias-tulua","category-cnc-tulua","post_format-post-format-video"],"_links":{"self":[{"href":"https:\/\/cnctulua.tv\/index.php?rest_route=\/wp\/v2\/posts\/36144","targetHints":{"allow":["GET"]}}],"collection":[{"href":"https:\/\/cnctulua.tv\/index.php?rest_route=\/wp\/v2\/posts"}],"about":[{"href":"https:\/\/cnctulua.tv\/index.php?rest_route=\/wp\/v2\/types\/post"}],"author":[{"embeddable":true,"href":"https:\/\/cnctulua.tv\/index.php?rest_route=\/wp\/v2\/users\/3"}],"replies":[{"embeddable":true,"href":"https:\/\/cnctulua.tv\/index.php?rest_route=%2Fwp%2Fv2%2Fcomments&post=36144"}],"version-history":[{"count":1,"href":"https:\/\/cnctulua.tv\/index.php?rest_route=\/wp\/v2\/posts\/36144\/revisions"}],"predecessor-version":[{"id":36183,"href":"https:\/\/cnctulua.tv\/index.php?rest_route=\/wp\/v2\/posts\/36144\/revisions\/36183"}],"wp:featuredmedia":[{"embeddable":true,"href":"https:\/\/cnctulua.tv\/index.php?rest_route=\/wp\/v2\/media\/36179"}],"wp:attachment":[{"href":"https:\/\/cnctulua.tv\/index.php?rest_route=%2Fwp%2Fv2%2Fmedia&parent=36144"}],"wp:term":[{"taxonomy":"category","embeddable":true,"href":"https:\/\/cnctulua.tv\/index.php?rest_route=%2Fwp%2Fv2%2Fcategories&post=36144"},{"taxonomy":"post_tag","embeddable":true,"href":"https:\/\/cnctulua.tv\/index.php?rest_route=%2Fwp%2Fv2%2Ftags&post=36144"}],"curies":[{"name":"wp","href":"https:\/\/api.w.org\/{rel}","templated":true}]}}